{"id":11653,"date":"2019-12-23T11:34:14","date_gmt":"2019-12-23T11:34:14","guid":{"rendered":"https:\/\/sites-stage.familylife.com\/arte-de-ser-padres\/?p=11653"},"modified":"2020-02-13T23:04:25","modified_gmt":"2020-02-13T23:04:25","slug":"el-poder-de-orar-por-tus-hijos","status":"publish","type":"post","link":"https:\/\/www.vidaenfamilia.org\/ser-padres\/2019\/12\/23\/el-poder-de-orar-por-tus-hijos\/","title":{"rendered":"El poder de orar por tus hijos"},"content":{"rendered":"<p>La noticia seria sobre la crianza de los hijos es, que realmente no tenemos control final sobre si ellos elegir\u00e1n la puerta estrecha que conduce a la vida (Mateo 7:14) o la puerta ancha que conduce a la destrucci\u00f3n. Si otras experiencias en la vida no nos han hecho sentir humildes, y nos han mostrado cu\u00e1n dependientes somos de Dios, entonces, criar a un preadolescente o adolescente, s\u00ed lo har\u00e1.<\/p>\n<p>La buena noticia es entender nuestra necesidad urgente de depender de Dios. Una vez que abandonemos la ingenua idea de que nosotros, los padres, podemos dictar las decisiones que tomar\u00e1n nuestros hijos y la puerta espiritual por la que caminar\u00e1n, ya sea estrecha o ancha, entonces estaremos listos para ponernos las rodilleras y tomar en serio la oraci\u00f3n.<\/p>\n<p>\u00bfQu\u00e9 aprendimos acerca de la oraci\u00f3n por nuestros hijos cuando se preparaban y luego entraron en la adolescencia?<\/p>\n<p><em>Ora con regularidad.<\/em> Lleva a Dios toda preocupaci\u00f3n, sue\u00f1o y deseo sobre tu hijo en oraci\u00f3n ferviente y persistente. (Lucas 18: 1\u20138 presenta una gran par\u00e1bola sobre la oraci\u00f3n persistente que debi\u00f3 haber sido para los padres de adolescentes).<\/p>\n<p>Dos de los mejores momentos para orar con tu hijo son camino a la escuela (suponiendo que t\u00fa lo vas a dejar en carro) y a la hora de acostarse, sin importar la edad. Viv\u00edamos a unas cinco millas de la escuela a la que asist\u00edan nuestros hijos cuando estaban creciendo. Cada ma\u00f1ana or\u00e1bamos por las cosas m\u00e1s importantes para ellos: ex\u00e1menes, amigos, maestros y actividades. Cuando el autom\u00f3vil llegaba a la cima de la colina, justo antes del edificio de la escuela, siempre conclu\u00edamos con la misma petici\u00f3n: \u00abY, Se\u00f1or, te pedimos que libres a cada uno de nuestros hijos del mal, de da\u00f1os y de tentaci\u00f3n este d\u00eda; que te experimenten a Ti obrando en sus vidas y que sean utilizados por Ti para influenciar en otros para Tu reino. Am\u00e9n\u201d. Una vez que nuestros adolescentes comenzaron a conducir para ir a la escuela, us\u00e1bamos el desayuno para este tiempo de oraci\u00f3n.<\/p>\n<p>Las oraciones a la hora de acostarse pueden ser m\u00e1s personales para cada hijo. Ora por su futuro c\u00f3nyuge relaciones, actividades, desaf\u00edos, tentaciones y un coraz\u00f3n para Dios. No asumas que un adolescente es demasiado grande para que te arrodilles junto a su cama, le acaricies la cara y ores con \u00e9l.<\/p>\n<p><em>Ora a la ofensiva.<\/em> Antes de que tu hijo llegue a la adolescencia, ora por su grupo de compa\u00f1eros, para que tenga al menos un compa\u00f1ero cristiano fuerte durante la adolescencia. P\u00eddele a Dios que proteja a tu hijo diariamente de otras personas que podr\u00edan ser una influencia maligna. Tambi\u00e9n considera pedirle a Dios que te ayude a encontrar a tu hijo haciendo cosas buenas para que puedas animarlo a tomar las decisiones correctas.<\/p>\n<p><em>Ora a la defensiva<\/em>. En m\u00e1s de una ocasi\u00f3n, buscamos la ayuda del Se\u00f1or para alejara a un amigo de car\u00e1cter cuestionable de la vida de nuestro hijo.<\/p>\n<p>De vez en cuando sent\u00edamos que uno de nuestros adolescentes nos pod\u00eda estar enga\u00f1ando, sin que pudi\u00e9ramos estar absolutamente seguros al respecto. En esas situaciones le ped\u00eeamos a Dios que nos ayudara a atraparlo si \u00e9l o ella estaba haciendo algo malo. \u00a1Dios parece sentir l\u00e1stima o misericordia, o compasi\u00f3n por los padres que hacen esta oraci\u00f3n!<\/p>\n<p><em>Ora intensamente.<\/em> Una de las disciplinas espirituales m\u00e1s incomprendidas de la vida cristiana es la oraci\u00f3n acompa\u00f1ada de ayuno (la abstinencia de alimentos por un per\u00edodo de tiempo determinado.). Aunque con el ayuno no ganamos puntos con Dios, \u00c9l asume en las Escrituras que ayunaremos y oraremos (v\u00e9ase Mateo 6: 16\u201318) y promete recompensarnos si lo hacemos correctamente. Conocemos a una pareja que aparta cada lunes para ayunar desde el amanecer hasta la puesta del sol y ora por su hijo de 14 a\u00f1os quien pasa por dificultades.<\/p>\n<p>Ora cada vez que Dios traiga a tu hijo a tu mente. Puede ser que en ese mismo momento, tu hijo est\u00e9 enfrentando una circunstancia de importancia cr\u00edtica. Algunos amigos nuestros sintieron una noche una fuerte y repentina necesidad de orar por su hija. En el preciso momento en que se bajaron de la cama y se pusieron de rodillas, un coche de la polic\u00eda merodeaba alrededor del coche de su hija, en una remota carretera de una monta\u00f1a donde ella y una amiga hab\u00edan ido a mirar las luces de la ciudad, comer algo y hablar. Sin ellas saberlo, un prisionero que se hab\u00eda escapado, se escond\u00eda debajo de su auto. El prisionero fue detenido y las chicas salieron ilesas.<\/p>\n<p><em>Ora con tu hijo<\/em>. Es f\u00e1cil que la oraci\u00f3n se convierta en un di\u00e1logo exclusivo entre: t\u00fa y Dios. \u00bfPor qu\u00e9 no hacer lo que una madre, Nina, hizo con su hija adolescente, Natalie, y convertirse en compa\u00f1eras de oraci\u00f3n? Los a\u00f1os de la adolescencia de Natalie estuvieron llenos de momentos especiales en los que ella y su madre se arrodillaban y oraban por las dificultades y desaf\u00edos de Natalie.<\/p>\n<p><em>Oren juntos como pareja<\/em>. Durante m\u00e1s de 40 a\u00f1os de matrimonio hemos terminado cada d\u00eda en oraci\u00f3n, como pareja. Ninguna disciplina espiritual ha protegido nuestro matrimonio y nuestra familia m\u00e1s que este tiempo diario de comuni\u00f3n, con Dios.<\/p>\n<p>Todos nuestros seis hijos ya han llegado a la edad adulta. Ahora que la adolescencia est\u00e1 atr\u00e1s de nosotros, t\u00fa podr\u00edas pensar que hemos llegado a la meta. \u00a1Apenas es as\u00ed! Continuamos orando m\u00e1s que nunca por nuestros hijos, incluso despu\u00e9s de los turbulentos a\u00f1os de la adolescencia, y as\u00ed lo hacemos todav\u00eda.<\/p>\n<p>Dios quiere lo mismo para ti y para tu hijo. H\u00e1blale a \u00c9l. Santiago 5:16 nos dice: \u00abLa oraci\u00f3n efectiva de un hombre justo puede lograr mucho\u00bb.<\/p>\n<hr \/>\n<p><em>\u00a92019 Espa\u00f1ol Adaptado <\/em><em>de <\/em><a href=\"http:\/\/shop.familylife.com\/p-1456-parenting-todays-adolescent.aspx?_ga=2.74101394.1073556188.1552413101-1016671839.1547410283\"><em>Parenting Today\u2019s Adolescent: Helping Your Child Avoid the Traps of the Preteen and Teen Years<\/em><\/a><em> [C\u00f3mo cuidar al adolescente de hoy: ayudar a su hijo a evitar las trampas de los preadolescentes y adolescentes]. Derechos de autor 1998 de Dennis y Barbara Rainey. Utilizado con permiso de Thomas Nelson, Inc., Nashville, Tennessee. Todos los derechos reservados.<\/em><\/p>\n","protected":false},"excerpt":{"rendered":"<p>Lo que aprendimos sobre la oraci\u00f3n por nuestros hijos mientras se preparaban y luego entraban en la adolescencia.<\/p>\n","protected":false},"author":26565,"featured_media":11654,"comment_status":"open","ping_status":"open","sticky":false,"template":"","format":"standard","meta":{"_acf_changed":false,"inline_featured_image":false,"fl_requires_login":false,"footnotes":""},"categories":[37],"tags":[],"class_list":["post-11653","post","type-post","status-publish","format-standard","has-post-thumbnail","hentry","category-orar-por-tus-hijos"],"acf":[],"yoast_head":"<!-- This site is optimized with the Yoast SEO Premium plugin v18.3 (Yoast SEO v26.7) - https:\/\/yoast.com\/wordpress\/plugins\/seo\/ -->\n<title>El poder de orar por tus hijos - El Arte de Ser Padres<\/title>\n<meta name=\"robots\" content=\"noindex, follow\" \/>\n<meta property=\"og:locale\" content=\"es_ES\" \/>\n<meta property=\"og:type\" content=\"article\" \/>\n<meta property=\"og:title\" content=\"El poder de orar por tus hijos\" \/>\n<meta property=\"og:description\" content=\"Lo que aprendimos sobre la oraci\u00f3n por nuestros hijos mientras se preparaban y luego entraban en la adolescencia.\" \/>\n<meta property=\"og:url\" content=\"https:\/\/www.vidaenfamilia.org\/ser-padres\/2019\/12\/23\/el-poder-de-orar-por-tus-hijos\/\" \/>\n<meta property=\"og:site_name\" content=\"El Arte de Ser Padres\" \/>\n<meta property=\"article:publisher\" content=\"https:\/\/www.facebook.com\/FamilyLifeEspanol\/\" \/>\n<meta property=\"article:published_time\" content=\"2019-12-23T11:34:14+00:00\" \/>\n<meta property=\"article:modified_time\" content=\"2020-02-13T23:04:25+00:00\" \/>\n<meta property=\"og:image\" content=\"https:\/\/www.vidaenfamilia.org\/ser-padres\/wp-content\/uploads\/sites\/256\/2019\/12\/the-power-of-praying-for-your-children-1040x326-1.jpg\" \/>\n\t<meta property=\"og:image:width\" content=\"1040\" \/>\n\t<meta property=\"og:image:height\" content=\"326\" \/>\n\t<meta property=\"og:image:type\" content=\"image\/jpeg\" \/>\n<meta name=\"author\" content=\"jec1744@gmail.com\" \/>\n<meta name=\"twitter:card\" content=\"summary_large_image\" \/>\n<meta name=\"twitter:label1\" content=\"Escrito por\" \/>\n\t<meta name=\"twitter:data1\" content=\"jec1744@gmail.com\" \/>\n\t<meta name=\"twitter:label2\" content=\"Tiempo de lectura\" \/>\n\t<meta name=\"twitter:data2\" content=\"5 minutos\" \/>\n<script type=\"application\/ld+json\" class=\"yoast-schema-graph\">{\"@context\":\"https:\/\/schema.org\",\"@graph\":[{\"@type\":\"Article\",\"@id\":\"https:\/\/www.vidaenfamilia.org\/ser-padres\/2019\/12\/23\/el-poder-de-orar-por-tus-hijos\/#article\",\"isPartOf\":{\"@id\":\"https:\/\/www.vidaenfamilia.org\/ser-padres\/2019\/12\/23\/el-poder-de-orar-por-tus-hijos\/\"},\"author\":{\"name\":\"jec1744@gmail.com\",\"@id\":\"https:\/\/www.vidaenfamilia.org\/ser-padres\/#\/schema\/person\/df206a98a88222dac02c2729d28f5292\"},\"headline\":\"El poder de orar por tus hijos\",\"datePublished\":\"2019-12-23T11:34:14+00:00\",\"dateModified\":\"2020-02-13T23:04:25+00:00\",\"mainEntityOfPage\":{\"@id\":\"https:\/\/www.vidaenfamilia.org\/ser-padres\/2019\/12\/23\/el-poder-de-orar-por-tus-hijos\/\"},\"wordCount\":1089,\"commentCount\":0,\"publisher\":{\"@id\":\"https:\/\/www.vidaenfamilia.org\/ser-padres\/#organization\"},\"image\":{\"@id\":\"https:\/\/www.vidaenfamilia.org\/ser-padres\/2019\/12\/23\/el-poder-de-orar-por-tus-hijos\/#primaryimage\"},\"thumbnailUrl\":\"https:\/\/www.vidaenfamilia.org\/ser-padres\/wp-content\/uploads\/sites\/256\/2019\/12\/the-power-of-praying-for-your-children-1040x326-1.jpg\",\"articleSection\":[\"Orar por tus hijos\"],\"inLanguage\":\"es\",\"potentialAction\":[{\"@type\":\"CommentAction\",\"name\":\"Comment\",\"target\":[\"https:\/\/www.vidaenfamilia.org\/ser-padres\/2019\/12\/23\/el-poder-de-orar-por-tus-hijos\/#respond\"]}]},{\"@type\":\"WebPage\",\"@id\":\"https:\/\/www.vidaenfamilia.org\/ser-padres\/2019\/12\/23\/el-poder-de-orar-por-tus-hijos\/\",\"url\":\"https:\/\/www.vidaenfamilia.org\/ser-padres\/2019\/12\/23\/el-poder-de-orar-por-tus-hijos\/\",\"name\":\"El poder de orar por tus hijos - El Arte de Ser Padres\",\"isPartOf\":{\"@id\":\"https:\/\/www.vidaenfamilia.org\/ser-padres\/#website\"},\"primaryImageOfPage\":{\"@id\":\"https:\/\/www.vidaenfamilia.org\/ser-padres\/2019\/12\/23\/el-poder-de-orar-por-tus-hijos\/#primaryimage\"},\"image\":{\"@id\":\"https:\/\/www.vidaenfamilia.org\/ser-padres\/2019\/12\/23\/el-poder-de-orar-por-tus-hijos\/#primaryimage\"},\"thumbnailUrl\":\"https:\/\/www.vidaenfamilia.org\/ser-padres\/wp-content\/uploads\/sites\/256\/2019\/12\/the-power-of-praying-for-your-children-1040x326-1.jpg\",\"datePublished\":\"2019-12-23T11:34:14+00:00\",\"dateModified\":\"2020-02-13T23:04:25+00:00\",\"breadcrumb\":{\"@id\":\"https:\/\/www.vidaenfamilia.org\/ser-padres\/2019\/12\/23\/el-poder-de-orar-por-tus-hijos\/#breadcrumb\"},\"inLanguage\":\"es\",\"potentialAction\":[{\"@type\":\"ReadAction\",\"target\":[\"https:\/\/www.vidaenfamilia.org\/ser-padres\/2019\/12\/23\/el-poder-de-orar-por-tus-hijos\/\"]}]},{\"@type\":\"ImageObject\",\"inLanguage\":\"es\",\"@id\":\"https:\/\/www.vidaenfamilia.org\/ser-padres\/2019\/12\/23\/el-poder-de-orar-por-tus-hijos\/#primaryimage\",\"url\":\"https:\/\/www.vidaenfamilia.org\/ser-padres\/wp-content\/uploads\/sites\/256\/2019\/12\/the-power-of-praying-for-your-children-1040x326-1.jpg\",\"contentUrl\":\"https:\/\/www.vidaenfamilia.org\/ser-padres\/wp-content\/uploads\/sites\/256\/2019\/12\/the-power-of-praying-for-your-children-1040x326-1.jpg\",\"width\":1040,\"height\":326},{\"@type\":\"BreadcrumbList\",\"@id\":\"https:\/\/www.vidaenfamilia.org\/ser-padres\/2019\/12\/23\/el-poder-de-orar-por-tus-hijos\/#breadcrumb\",\"itemListElement\":[{\"@type\":\"ListItem\",\"position\":1,\"name\":\"Home\",\"item\":\"https:\/\/www.vidaenfamilia.org\/ser-padres\/\"},{\"@type\":\"ListItem\",\"position\":2,\"name\":\"El poder de orar por tus hijos\"}]},{\"@type\":\"WebSite\",\"@id\":\"https:\/\/www.vidaenfamilia.org\/ser-padres\/#website\",\"url\":\"https:\/\/www.vidaenfamilia.org\/ser-padres\/\",\"name\":\"El Arte de Ser Padres\",\"description\":\"Just another FamilyLife Sites site\",\"publisher\":{\"@id\":\"https:\/\/www.vidaenfamilia.org\/ser-padres\/#organization\"},\"potentialAction\":[{\"@type\":\"SearchAction\",\"target\":{\"@type\":\"EntryPoint\",\"urlTemplate\":\"https:\/\/www.vidaenfamilia.org\/ser-padres\/?s={search_term_string}\"},\"query-input\":{\"@type\":\"PropertyValueSpecification\",\"valueRequired\":true,\"valueName\":\"search_term_string\"}}],\"inLanguage\":\"es\"},{\"@type\":\"Organization\",\"@id\":\"https:\/\/www.vidaenfamilia.org\/ser-padres\/#organization\",\"name\":\"Vida en Familia\",\"url\":\"https:\/\/www.vidaenfamilia.org\/ser-padres\/\",\"logo\":{\"@type\":\"ImageObject\",\"inLanguage\":\"es\",\"@id\":\"https:\/\/www.vidaenfamilia.org\/ser-padres\/#\/schema\/logo\/image\/\",\"url\":\"https:\/\/www.vidaenfamilia.org\/ser-padres\/wp-content\/uploads\/sites\/256\/2019\/09\/AOP_Logo.png\",\"contentUrl\":\"https:\/\/www.vidaenfamilia.org\/ser-padres\/wp-content\/uploads\/sites\/256\/2019\/09\/AOP_Logo.png\",\"width\":2096,\"height\":606,\"caption\":\"Vida en Familia\"},\"image\":{\"@id\":\"https:\/\/www.vidaenfamilia.org\/ser-padres\/#\/schema\/logo\/image\/\"},\"sameAs\":[\"https:\/\/www.facebook.com\/FamilyLifeEspanol\/\",\"https:\/\/www.youtube.com\/channel\/UCbSaVUomQ-OO21t-OieGOMQ\"]},{\"@type\":\"Person\",\"@id\":\"https:\/\/www.vidaenfamilia.org\/ser-padres\/#\/schema\/person\/df206a98a88222dac02c2729d28f5292\",\"name\":\"jec1744@gmail.com\",\"image\":{\"@type\":\"ImageObject\",\"inLanguage\":\"es\",\"@id\":\"https:\/\/www.vidaenfamilia.org\/ser-padres\/#\/schema\/person\/image\/\",\"url\":\"https:\/\/secure.gravatar.com\/avatar\/354accaa5141cea8b651a9cf4e1d9a8fc277face97e73455c96fa3025f48aa99?s=96&d=mm&r=g\",\"contentUrl\":\"https:\/\/secure.gravatar.com\/avatar\/354accaa5141cea8b651a9cf4e1d9a8fc277face97e73455c96fa3025f48aa99?s=96&d=mm&r=g\",\"caption\":\"jec1744@gmail.com\"},\"url\":\"https:\/\/www.vidaenfamilia.org\/ser-padres\/author\/jec1744gmail-com\/\"}]}<\/script>\n<!-- \/ Yoast SEO Premium plugin. -->","yoast_head_json":{"title":"El poder de orar por tus hijos - El Arte de Ser Padres","robots":{"index":"noindex","follow":"follow"},"og_locale":"es_ES","og_type":"article","og_title":"El poder de orar por tus hijos","og_description":"Lo que aprendimos sobre la oraci\u00f3n por nuestros hijos mientras se preparaban y luego entraban en la adolescencia.","og_url":"https:\/\/www.vidaenfamilia.org\/ser-padres\/2019\/12\/23\/el-poder-de-orar-por-tus-hijos\/","og_site_name":"El Arte de Ser Padres","article_publisher":"https:\/\/www.facebook.com\/FamilyLifeEspanol\/","article_published_time":"2019-12-23T11:34:14+00:00","article_modified_time":"2020-02-13T23:04:25+00:00","og_image":[{"width":1040,"height":326,"url":"https:\/\/www.vidaenfamilia.org\/ser-padres\/wp-content\/uploads\/sites\/256\/2019\/12\/the-power-of-praying-for-your-children-1040x326-1.jpg","type":"image\/jpeg"}],"author":"jec1744@gmail.com","twitter_card":"summary_large_image","twitter_misc":{"Escrito por":"jec1744@gmail.com","Tiempo de lectura":"5 minutos"},"schema":{"@context":"https:\/\/schema.org","@graph":[{"@type":"Article","@id":"https:\/\/www.vidaenfamilia.org\/ser-padres\/2019\/12\/23\/el-poder-de-orar-por-tus-hijos\/#article","isPartOf":{"@id":"https:\/\/www.vidaenfamilia.org\/ser-padres\/2019\/12\/23\/el-poder-de-orar-por-tus-hijos\/"},"author":{"name":"jec1744@gmail.com","@id":"https:\/\/www.vidaenfamilia.org\/ser-padres\/#\/schema\/person\/df206a98a88222dac02c2729d28f5292"},"headline":"El poder de orar por tus hijos","datePublished":"2019-12-23T11:34:14+00:00","dateModified":"2020-02-13T23:04:25+00:00","mainEntityOfPage":{"@id":"https:\/\/www.vidaenfamilia.org\/ser-padres\/2019\/12\/23\/el-poder-de-orar-por-tus-hijos\/"},"wordCount":1089,"commentCount":0,"publisher":{"@id":"https:\/\/www.vidaenfamilia.org\/ser-padres\/#organization"},"image":{"@id":"https:\/\/www.vidaenfamilia.org\/ser-padres\/2019\/12\/23\/el-poder-de-orar-por-tus-hijos\/#primaryimage"},"thumbnailUrl":"https:\/\/www.vidaenfamilia.org\/ser-padres\/wp-content\/uploads\/sites\/256\/2019\/12\/the-power-of-praying-for-your-children-1040x326-1.jpg","articleSection":["Orar por tus hijos"],"inLanguage":"es","potentialAction":[{"@type":"CommentAction","name":"Comment","target":["https:\/\/www.vidaenfamilia.org\/ser-padres\/2019\/12\/23\/el-poder-de-orar-por-tus-hijos\/#respond"]}]},{"@type":"WebPage","@id":"https:\/\/www.vidaenfamilia.org\/ser-padres\/2019\/12\/23\/el-poder-de-orar-por-tus-hijos\/","url":"https:\/\/www.vidaenfamilia.org\/ser-padres\/2019\/12\/23\/el-poder-de-orar-por-tus-hijos\/","name":"El poder de orar por tus hijos - El Arte de Ser Padres","isPartOf":{"@id":"https:\/\/www.vidaenfamilia.org\/ser-padres\/#website"},"primaryImageOfPage":{"@id":"https:\/\/www.vidaenfamilia.org\/ser-padres\/2019\/12\/23\/el-poder-de-orar-por-tus-hijos\/#primaryimage"},"image":{"@id":"https:\/\/www.vidaenfamilia.org\/ser-padres\/2019\/12\/23\/el-poder-de-orar-por-tus-hijos\/#primaryimage"},"thumbnailUrl":"https:\/\/www.vidaenfamilia.org\/ser-padres\/wp-content\/uploads\/sites\/256\/2019\/12\/the-power-of-praying-for-your-children-1040x326-1.jpg","datePublished":"2019-12-23T11:34:14+00:00","dateModified":"2020-02-13T23:04:25+00:00","breadcrumb":{"@id":"https:\/\/www.vidaenfamilia.org\/ser-padres\/2019\/12\/23\/el-poder-de-orar-por-tus-hijos\/#breadcrumb"},"inLanguage":"es","potentialAction":[{"@type":"ReadAction","target":["https:\/\/www.vidaenfamilia.org\/ser-padres\/2019\/12\/23\/el-poder-de-orar-por-tus-hijos\/"]}]},{"@type":"ImageObject","inLanguage":"es","@id":"https:\/\/www.vidaenfamilia.org\/ser-padres\/2019\/12\/23\/el-poder-de-orar-por-tus-hijos\/#primaryimage","url":"https:\/\/www.vidaenfamilia.org\/ser-padres\/wp-content\/uploads\/sites\/256\/2019\/12\/the-power-of-praying-for-your-children-1040x326-1.jpg","contentUrl":"https:\/\/www.vidaenfamilia.org\/ser-padres\/wp-content\/uploads\/sites\/256\/2019\/12\/the-power-of-praying-for-your-children-1040x326-1.jpg","width":1040,"height":326},{"@type":"BreadcrumbList","@id":"https:\/\/www.vidaenfamilia.org\/ser-padres\/2019\/12\/23\/el-poder-de-orar-por-tus-hijos\/#breadcrumb","itemListElement":[{"@type":"ListItem","position":1,"name":"Home","item":"https:\/\/www.vidaenfamilia.org\/ser-padres\/"},{"@type":"ListItem","position":2,"name":"El poder de orar por tus hijos"}]},{"@type":"WebSite","@id":"https:\/\/www.vidaenfamilia.org\/ser-padres\/#website","url":"https:\/\/www.vidaenfamilia.org\/ser-padres\/","name":"El Arte de Ser Padres","description":"Just another FamilyLife Sites site","publisher":{"@id":"https:\/\/www.vidaenfamilia.org\/ser-padres\/#organization"},"potentialAction":[{"@type":"SearchAction","target":{"@type":"EntryPoint","urlTemplate":"https:\/\/www.vidaenfamilia.org\/ser-padres\/?s={search_term_string}"},"query-input":{"@type":"PropertyValueSpecification","valueRequired":true,"valueName":"search_term_string"}}],"inLanguage":"es"},{"@type":"Organization","@id":"https:\/\/www.vidaenfamilia.org\/ser-padres\/#organization","name":"Vida en Familia","url":"https:\/\/www.vidaenfamilia.org\/ser-padres\/","logo":{"@type":"ImageObject","inLanguage":"es","@id":"https:\/\/www.vidaenfamilia.org\/ser-padres\/#\/schema\/logo\/image\/","url":"https:\/\/www.vidaenfamilia.org\/ser-padres\/wp-content\/uploads\/sites\/256\/2019\/09\/AOP_Logo.png","contentUrl":"https:\/\/www.vidaenfamilia.org\/ser-padres\/wp-content\/uploads\/sites\/256\/2019\/09\/AOP_Logo.png","width":2096,"height":606,"caption":"Vida en Familia"},"image":{"@id":"https:\/\/www.vidaenfamilia.org\/ser-padres\/#\/schema\/logo\/image\/"},"sameAs":["https:\/\/www.facebook.com\/FamilyLifeEspanol\/","https:\/\/www.youtube.com\/channel\/UCbSaVUomQ-OO21t-OieGOMQ"]},{"@type":"Person","@id":"https:\/\/www.vidaenfamilia.org\/ser-padres\/#\/schema\/person\/df206a98a88222dac02c2729d28f5292","name":"jec1744@gmail.com","image":{"@type":"ImageObject","inLanguage":"es","@id":"https:\/\/www.vidaenfamilia.org\/ser-padres\/#\/schema\/person\/image\/","url":"https:\/\/secure.gravatar.com\/avatar\/354accaa5141cea8b651a9cf4e1d9a8fc277face97e73455c96fa3025f48aa99?s=96&d=mm&r=g","contentUrl":"https:\/\/secure.gravatar.com\/avatar\/354accaa5141cea8b651a9cf4e1d9a8fc277face97e73455c96fa3025f48aa99?s=96&d=mm&r=g","caption":"jec1744@gmail.com"},"url":"https:\/\/www.vidaenfamilia.org\/ser-padres\/author\/jec1744gmail-com\/"}]}},"jetpack_featured_media_url":"https:\/\/www.vidaenfamilia.org\/ser-padres\/wp-content\/uploads\/sites\/256\/2019\/12\/the-power-of-praying-for-your-children-1040x326-1.jpg","meta_box":{"_cloudsearch_visibility":""},"_links":{"self":[{"href":"https:\/\/www.vidaenfamilia.org\/ser-padres\/wp-json\/wp\/v2\/posts\/11653","targetHints":{"allow":["GET"]}}],"collection":[{"href":"https:\/\/www.vidaenfamilia.org\/ser-padres\/wp-json\/wp\/v2\/posts"}],"about":[{"href":"https:\/\/www.vidaenfamilia.org\/ser-padres\/wp-json\/wp\/v2\/types\/post"}],"author":[{"embeddable":true,"href":"https:\/\/www.vidaenfamilia.org\/ser-padres\/wp-json\/wp\/v2\/users\/26565"}],"replies":[{"embeddable":true,"href":"https:\/\/www.vidaenfamilia.org\/ser-padres\/wp-json\/wp\/v2\/comments?post=11653"}],"version-history":[{"count":1,"href":"https:\/\/www.vidaenfamilia.org\/ser-padres\/wp-json\/wp\/v2\/posts\/11653\/revisions"}],"predecessor-version":[{"id":12358,"href":"https:\/\/www.vidaenfamilia.org\/ser-padres\/wp-json\/wp\/v2\/posts\/11653\/revisions\/12358"}],"wp:featuredmedia":[{"embeddable":true,"href":"https:\/\/www.vidaenfamilia.org\/ser-padres\/wp-json\/wp\/v2\/media\/11654"}],"wp:attachment":[{"href":"https:\/\/www.vidaenfamilia.org\/ser-padres\/wp-json\/wp\/v2\/media?parent=11653"}],"wp:term":[{"taxonomy":"category","embeddable":true,"href":"https:\/\/www.vidaenfamilia.org\/ser-padres\/wp-json\/wp\/v2\/categories?post=11653"},{"taxonomy":"post_tag","embeddable":true,"href":"https:\/\/www.vidaenfamilia.org\/ser-padres\/wp-json\/wp\/v2\/tags?post=11653"}],"curies":[{"name":"wp","href":"https:\/\/api.w.org\/{rel}","templated":true}]}}