{"id":11650,"date":"2019-12-23T11:31:41","date_gmt":"2019-12-23T11:31:41","guid":{"rendered":"https:\/\/sites-stage.familylife.com\/arte-de-ser-padres\/?p=11650"},"modified":"2020-02-13T23:16:41","modified_gmt":"2020-02-13T23:16:41","slug":"liberando-tus-flechas","status":"publish","type":"post","link":"https:\/\/www.vidaenfamilia.org\/ser-padres\/2019\/12\/23\/liberando-tus-flechas\/","title":{"rendered":"Liberando tus flechas"},"content":{"rendered":"<p>Se dice que \u201clos hijos son el coraz\u00f3n de los padres viviendo afuera del cuerpo\u201d. Siendo ese el caso, durante casi un a\u00f1o mi coraz\u00f3n fue trasplantado al extranjero.<\/p>\n<p>Hace unos pocos a\u00f1os, nuestro hijo Benjam\u00edn vino a B\u00e1rbara y a m\u00ed, y nos dijo que cre\u00eda que Dios lo estaba llamando a posponer su \u00faltimo a\u00f1o de universidad para viajar a Estonia, como parte de un equipo de Cruzada Estudiantil para Cristo (CRU por sus siglas en ingl\u00e9s). Nuestro primer pensamiento fue: <em>\u201c\u00bfY (en algunos \u00e1mbitos evang\u00e9licos el \u201cPor Dios\u201d ser\u00eda tomar Su nombre en vano..) d\u00f3nde queda Estonia?\u201d.<\/em> Una mil\u00e9sima de segundo despu\u00e9s, la realidad de su compromiso centelle\u00f3 a trav\u00e9s de nuestras mentes: <em>\u00bfUn a\u00f1o? \u00a1Es mucho tiempo! <\/em>Est\u00e1bamos emocionados por Benjam\u00edn, pero tristes por nosotros.<\/p>\n<p>Entonces, el 15 de agosto de 1997, nos reunimos en el aeropuerto de Little Rock para orar por \u00e9l, y decirle adi\u00f3s. Ese estrecho abrazo familiar derram\u00f3 tantas l\u00e1grimas que se volvi\u00f3 un charco familiar.<\/p>\n<p>En el Salmo 127:4 se compara a los ni\u00f1os con \u201cflechas en manos del guerrero\u201d. Las flechas no est\u00e1n dise\u00f1adas para permanecer en la aljaba. Las flechas han sido creadas para volar hacia el objetivo de Dios: para la batalla. D esde el momento en que los traes a casa desde el hospital, esas peque\u00f1as flechas deben ser conformadas, afiladas y afinadas para el prop\u00f3sito establecido por Dios.<\/p>\n<p>Cada guerrero experimentado puede contarte cu\u00e1nto dolor hay al lanzar una flecha. En el momento en que el arquero deja ir una flecha, su antebrazo izquierdo puede ser golpeado dolorosamente con el golpe de la cuerda. Lo mismo sucede con el coraz\u00f3n de un padre o de una madre. Mientras \u201cla flecha\u201d disfruta del viaje, el coraz\u00f3n de un padre siente el dolor que produce el dejar ir.<\/p>\n<p>Dejar ir es adem\u00e1s aterrador. \u00bfVan a volar derecho? \u00bfSe van desviar del curso? \u00bfVan a caer antes de llegar al destino establecido por Dios para sus vidas?<\/p>\n<p>Nunca lo sabr\u00e1s, si no los dejas ir. Pero nunca crecer\u00e1n si los mantienes sanos y salvos en tu aljaba, lejos del campo de batalla.<\/p>\n<p>Algunos problemas con su visa hicieron que Benjam\u00edn volviera de Estonia en junio, dos meses antes de lo planeado, lo que en todo caso no aminor\u00f3 su aventura. Pero dejar\u00e9 que \u00e9l les cuente acerca de eso. He aqu\u00ed una breve descripci\u00f3n de su tiempo en Estonia:<\/p>\n<p><em>Recuerdo aquel d\u00eda en que contempl\u00e9 alrededor m\u00edo esos edificios de hormig\u00f3n de una losa aburrida, y me maravill\u00e9 de que, \u00a1ahora estaba viviendo con cerca de 50.000 estonios y rusos! Estaba mirando mi nuevo hogar. A nuestro proyecto de vivienda en Tallin con cari\u00f1o lo llam\u00e9 \u201cEl Gueto\u201d, pero en realidad era uno de los lugares m\u00e1s hermosos para vivir. (\u00a1Cerca de 250.000 viv\u00edan en otro proyecto de vivienda en Tallin, la capital de Estonia!)<\/em><\/p>\n<p><em>Aun cuando mis alrededores se volvieron repentinos y vastamente diferentes, mi vida y mi misi\u00f3n siguieron siendo las mismas que en los tres a\u00f1os previos en la Universidad de Arkansas. Estaba siguiendo a Dios y sirviendo a los estudiantes universitarios.<\/em><\/p>\n<p><em>En Estonia, sin embargo, muchos corazones estaban espiritualmente muertos. Luego de siglos bajo el dominio de distintas naciones, incluyendo la antigua Uni\u00f3n Sovi\u00e9tica, ellos ven a Dios simplemente como otra forma de opresi\u00f3n.<\/em><\/p>\n<p><em>Los hombres est\u00e1n ausentes de las iglesias a trav\u00e9s de todo el pa\u00eds. Muchos son adictos a la pornograf\u00eda (que se vende abiertamente en todas partes) y el alcoholismo es tambi\u00e9n un problema com\u00fan. El \u00edndice de divorcio excede el 80%, el \u00edndice de natalidad es tan bajo que la poblaci\u00f3n est\u00e1 disminuyendo, y el pa\u00eds tiene uno de los \u00edndices m\u00e1s altos de suicidio en el mundo.<\/em><\/p>\n<p><em>Las mil fotos que tom\u00e9 durante el curso de ese a\u00f1o son una prueba de que, \u00a1no fue sin novedades ni aburrido! El punto m\u00e1ximo fue la Conferencia de Estudiantes B\u00e1lticos. Asistieron cerca de 180 estudiantes de cuatro pa\u00edses, y de esos, por lo menos 125 eran no cristianos. Pasamos d\u00edas dise\u00f1ando la conferencia para hacerla amigable pero audaz para los no creyentes. Despu\u00e9s de hacer sketches con base en videos de \u201cMr. Bean\u201d y disparar ca\u00f1ones de patatas en la playa, hasta escuchar en tres ocasiones el evangelio presentado completamente, lo logramos. Cuatro estudiantes de Estonia, por ejemplo, expresaron su decisi\u00f3n de seguir a Cristo y a\u00fan est\u00e1n caminando con \u00c9l hasta el d\u00eda de hoy.<\/em><\/p>\n<p><em>En parte, la conferencia tambi\u00e9n fue un punto m\u00e1ximo para m\u00ed, porque yo era el maestro de ceremonias. Nunca antes me hab\u00eda parado frente a tantas nacionalidades. \u00a1Cada palabra que hablaba era traducida a cuatro idiomas distintos!<\/em><\/p>\n<p><em>Crec\u00ed mucho durante mi tiempo en Estonia. S\u00ed, ir a la universidad fue un gran paso para m\u00ed, pero este fue un salto gigante en t\u00e9rminos de responsabilidad y crecimiento espiritual. Encontr\u00e9 que, como nunca antes, aprend\u00ed m\u00e1s y crec\u00ed m\u00e1s en mi relaci\u00f3n con Cristo.<\/em><\/p>\n<p><em>Muchas de estas lecciones acerca de Cristo que hab\u00eda aprendido con mi mam\u00e1, con mi pap\u00e1, en la iglesia y en mi estudio personal, ahora fueron forzadas a la pr\u00e1ctica. Muchas cosas que sab\u00eda sobre Dios repentinamente se volvieron reales , en una forma totalmente distinta; el conocimiento intelectual se volvi\u00f3 una realidad experimental.<\/em><\/p>\n<p><em>Por ejemplo, yo podr\u00eda haberles dicho que cre\u00eda totalmente que Dios era un gran Dios y un Dios del mundo. Pero hasta que fui a vivir al otro lado del oc\u00e9ano, orando y adorando con rusos y estonios, nunca me hab\u00eda dado cuenta de lo que aquello significaba. Fue realmente espectacular y abri\u00f3 mis ojos. Dios de verdad arranc\u00f3 muchas de mis ideas tontas y poco entusiastas acerca de \u00c9l, y abri\u00f3 mis ojos frente a la profundidad de las riquezas que se hallan en \u00c9l. \u00a1Qu\u00e9 descubrimiento!<\/em><\/p>\n<p><em>Mi a\u00f1o en otro continente fue una experiencia \u00fanica y distinta. \u00a1No la cambiar\u00eda por nada en el mundo y lo har\u00eda nuevamente!<\/em><\/p>\n<p>Es mi esperanza que la historia de Benjam\u00edn te anime mientras modelas a tus hijos como flechas listas para ser usadas por Dios. En alg\u00fan punto, vas a tener que dejar ir a tus flechas y confiar en el plan de Dios para sus vidas, sin importar a\u00a0 d\u00f3nde los lleve ese plan.<\/p>\n<p>Recientemente, he estado pensando que nuestra mayor contribuci\u00f3n a la causa de Cristo podemos realizarla a trav\u00e9s de nuestros hijos. Ellos ser\u00e1n los mensajeros que lleven el evangelio a la pr\u00f3xima generaci\u00f3n. \u00a1Que el favor de Dios sea sobre ti!<\/p>\n<p><em>\u00a1Aleluya! Dichoso el hombre que honra al Se\u00f1or y se deleita obedeciendo sus mandatos. Sus hijos tendr\u00e1n poder en la tierra, y ser\u00e1n bendecidos por su rectitud.<\/em> (Salmo 112:1-2)<\/p>\n<hr \/>\n<p><em>\u00a9 2001 por FamilyLife. Todo los derechos reservados.<\/em><\/p>\n","protected":false},"excerpt":{"rendered":"<p>En alg\u00fan momento, todos los padres tienen que liberar a sus hijos y confiar en el plan de Dios para sus vidas, no importando d\u00f3nde los lleve ese plan.<\/p>\n","protected":false},"author":26565,"featured_media":11651,"comment_status":"open","ping_status":"open","sticky":false,"template":"","format":"standard","meta":{"_acf_changed":false,"inline_featured_image":false,"fl_requires_login":false,"footnotes":""},"categories":[35],"tags":[],"class_list":["post-11650","post","type-post","status-publish","format-standard","has-post-thumbnail","hentry","category-liberar-a-su-hijo"],"acf":[],"yoast_head":"<!-- This site is optimized with the Yoast SEO Premium plugin v18.3 (Yoast SEO v26.7) - https:\/\/yoast.com\/wordpress\/plugins\/seo\/ -->\n<title>Liberando tus flechas - El Arte de Ser Padres<\/title>\n<meta name=\"robots\" content=\"noindex, follow\" \/>\n<meta property=\"og:locale\" content=\"es_ES\" \/>\n<meta property=\"og:type\" content=\"article\" \/>\n<meta property=\"og:title\" content=\"Liberando tus flechas\" \/>\n<meta property=\"og:description\" content=\"En alg\u00fan momento, todos los padres tienen que liberar a sus hijos y confiar en el plan de Dios para sus vidas, no importando d\u00f3nde los lleve ese plan.\" \/>\n<meta property=\"og:url\" content=\"https:\/\/www.vidaenfamilia.org\/ser-padres\/2019\/12\/23\/liberando-tus-flechas\/\" \/>\n<meta property=\"og:site_name\" content=\"El Arte de Ser Padres\" \/>\n<meta property=\"article:publisher\" content=\"https:\/\/www.facebook.com\/FamilyLifeEspanol\/\" \/>\n<meta property=\"article:published_time\" content=\"2019-12-23T11:31:41+00:00\" \/>\n<meta property=\"article:modified_time\" content=\"2020-02-13T23:16:41+00:00\" \/>\n<meta property=\"og:image\" content=\"https:\/\/www.vidaenfamilia.org\/ser-padres\/wp-content\/uploads\/sites\/256\/2019\/12\/releasing-your-arrows-1040x326-1.jpg\" \/>\n\t<meta property=\"og:image:width\" content=\"1040\" \/>\n\t<meta property=\"og:image:height\" content=\"326\" \/>\n\t<meta property=\"og:image:type\" content=\"image\/jpeg\" \/>\n<meta name=\"author\" content=\"jec1744@gmail.com\" \/>\n<meta name=\"twitter:card\" content=\"summary_large_image\" \/>\n<meta name=\"twitter:label1\" content=\"Escrito por\" \/>\n\t<meta name=\"twitter:data1\" content=\"jec1744@gmail.com\" \/>\n\t<meta name=\"twitter:label2\" content=\"Tiempo de lectura\" \/>\n\t<meta name=\"twitter:data2\" content=\"6 minutos\" \/>\n<script type=\"application\/ld+json\" class=\"yoast-schema-graph\">{\"@context\":\"https:\/\/schema.org\",\"@graph\":[{\"@type\":\"Article\",\"@id\":\"https:\/\/www.vidaenfamilia.org\/ser-padres\/2019\/12\/23\/liberando-tus-flechas\/#article\",\"isPartOf\":{\"@id\":\"https:\/\/www.vidaenfamilia.org\/ser-padres\/2019\/12\/23\/liberando-tus-flechas\/\"},\"author\":{\"name\":\"jec1744@gmail.com\",\"@id\":\"https:\/\/www.vidaenfamilia.org\/ser-padres\/#\/schema\/person\/df206a98a88222dac02c2729d28f5292\"},\"headline\":\"Liberando tus flechas\",\"datePublished\":\"2019-12-23T11:31:41+00:00\",\"dateModified\":\"2020-02-13T23:16:41+00:00\",\"mainEntityOfPage\":{\"@id\":\"https:\/\/www.vidaenfamilia.org\/ser-padres\/2019\/12\/23\/liberando-tus-flechas\/\"},\"wordCount\":1197,\"commentCount\":0,\"publisher\":{\"@id\":\"https:\/\/www.vidaenfamilia.org\/ser-padres\/#organization\"},\"image\":{\"@id\":\"https:\/\/www.vidaenfamilia.org\/ser-padres\/2019\/12\/23\/liberando-tus-flechas\/#primaryimage\"},\"thumbnailUrl\":\"https:\/\/www.vidaenfamilia.org\/ser-padres\/wp-content\/uploads\/sites\/256\/2019\/12\/releasing-your-arrows-1040x326-1.jpg\",\"articleSection\":[\"Liberar a su hijo\"],\"inLanguage\":\"es\",\"potentialAction\":[{\"@type\":\"CommentAction\",\"name\":\"Comment\",\"target\":[\"https:\/\/www.vidaenfamilia.org\/ser-padres\/2019\/12\/23\/liberando-tus-flechas\/#respond\"]}]},{\"@type\":\"WebPage\",\"@id\":\"https:\/\/www.vidaenfamilia.org\/ser-padres\/2019\/12\/23\/liberando-tus-flechas\/\",\"url\":\"https:\/\/www.vidaenfamilia.org\/ser-padres\/2019\/12\/23\/liberando-tus-flechas\/\",\"name\":\"Liberando tus flechas - El Arte de Ser Padres\",\"isPartOf\":{\"@id\":\"https:\/\/www.vidaenfamilia.org\/ser-padres\/#website\"},\"primaryImageOfPage\":{\"@id\":\"https:\/\/www.vidaenfamilia.org\/ser-padres\/2019\/12\/23\/liberando-tus-flechas\/#primaryimage\"},\"image\":{\"@id\":\"https:\/\/www.vidaenfamilia.org\/ser-padres\/2019\/12\/23\/liberando-tus-flechas\/#primaryimage\"},\"thumbnailUrl\":\"https:\/\/www.vidaenfamilia.org\/ser-padres\/wp-content\/uploads\/sites\/256\/2019\/12\/releasing-your-arrows-1040x326-1.jpg\",\"datePublished\":\"2019-12-23T11:31:41+00:00\",\"dateModified\":\"2020-02-13T23:16:41+00:00\",\"breadcrumb\":{\"@id\":\"https:\/\/www.vidaenfamilia.org\/ser-padres\/2019\/12\/23\/liberando-tus-flechas\/#breadcrumb\"},\"inLanguage\":\"es\",\"potentialAction\":[{\"@type\":\"ReadAction\",\"target\":[\"https:\/\/www.vidaenfamilia.org\/ser-padres\/2019\/12\/23\/liberando-tus-flechas\/\"]}]},{\"@type\":\"ImageObject\",\"inLanguage\":\"es\",\"@id\":\"https:\/\/www.vidaenfamilia.org\/ser-padres\/2019\/12\/23\/liberando-tus-flechas\/#primaryimage\",\"url\":\"https:\/\/www.vidaenfamilia.org\/ser-padres\/wp-content\/uploads\/sites\/256\/2019\/12\/releasing-your-arrows-1040x326-1.jpg\",\"contentUrl\":\"https:\/\/www.vidaenfamilia.org\/ser-padres\/wp-content\/uploads\/sites\/256\/2019\/12\/releasing-your-arrows-1040x326-1.jpg\",\"width\":1040,\"height\":326},{\"@type\":\"BreadcrumbList\",\"@id\":\"https:\/\/www.vidaenfamilia.org\/ser-padres\/2019\/12\/23\/liberando-tus-flechas\/#breadcrumb\",\"itemListElement\":[{\"@type\":\"ListItem\",\"position\":1,\"name\":\"Home\",\"item\":\"https:\/\/www.vidaenfamilia.org\/ser-padres\/\"},{\"@type\":\"ListItem\",\"position\":2,\"name\":\"Liberando tus flechas\"}]},{\"@type\":\"WebSite\",\"@id\":\"https:\/\/www.vidaenfamilia.org\/ser-padres\/#website\",\"url\":\"https:\/\/www.vidaenfamilia.org\/ser-padres\/\",\"name\":\"El Arte de Ser Padres\",\"description\":\"Just another FamilyLife Sites site\",\"publisher\":{\"@id\":\"https:\/\/www.vidaenfamilia.org\/ser-padres\/#organization\"},\"potentialAction\":[{\"@type\":\"SearchAction\",\"target\":{\"@type\":\"EntryPoint\",\"urlTemplate\":\"https:\/\/www.vidaenfamilia.org\/ser-padres\/?s={search_term_string}\"},\"query-input\":{\"@type\":\"PropertyValueSpecification\",\"valueRequired\":true,\"valueName\":\"search_term_string\"}}],\"inLanguage\":\"es\"},{\"@type\":\"Organization\",\"@id\":\"https:\/\/www.vidaenfamilia.org\/ser-padres\/#organization\",\"name\":\"Vida en Familia\",\"url\":\"https:\/\/www.vidaenfamilia.org\/ser-padres\/\",\"logo\":{\"@type\":\"ImageObject\",\"inLanguage\":\"es\",\"@id\":\"https:\/\/www.vidaenfamilia.org\/ser-padres\/#\/schema\/logo\/image\/\",\"url\":\"https:\/\/www.vidaenfamilia.org\/ser-padres\/wp-content\/uploads\/sites\/256\/2019\/09\/AOP_Logo.png\",\"contentUrl\":\"https:\/\/www.vidaenfamilia.org\/ser-padres\/wp-content\/uploads\/sites\/256\/2019\/09\/AOP_Logo.png\",\"width\":2096,\"height\":606,\"caption\":\"Vida en Familia\"},\"image\":{\"@id\":\"https:\/\/www.vidaenfamilia.org\/ser-padres\/#\/schema\/logo\/image\/\"},\"sameAs\":[\"https:\/\/www.facebook.com\/FamilyLifeEspanol\/\",\"https:\/\/www.youtube.com\/channel\/UCbSaVUomQ-OO21t-OieGOMQ\"]},{\"@type\":\"Person\",\"@id\":\"https:\/\/www.vidaenfamilia.org\/ser-padres\/#\/schema\/person\/df206a98a88222dac02c2729d28f5292\",\"name\":\"jec1744@gmail.com\",\"image\":{\"@type\":\"ImageObject\",\"inLanguage\":\"es\",\"@id\":\"https:\/\/www.vidaenfamilia.org\/ser-padres\/#\/schema\/person\/image\/\",\"url\":\"https:\/\/secure.gravatar.com\/avatar\/354accaa5141cea8b651a9cf4e1d9a8fc277face97e73455c96fa3025f48aa99?s=96&d=mm&r=g\",\"contentUrl\":\"https:\/\/secure.gravatar.com\/avatar\/354accaa5141cea8b651a9cf4e1d9a8fc277face97e73455c96fa3025f48aa99?s=96&d=mm&r=g\",\"caption\":\"jec1744@gmail.com\"},\"url\":\"https:\/\/www.vidaenfamilia.org\/ser-padres\/author\/jec1744gmail-com\/\"}]}<\/script>\n<!-- \/ Yoast SEO Premium plugin. -->","yoast_head_json":{"title":"Liberando tus flechas - El Arte de Ser Padres","robots":{"index":"noindex","follow":"follow"},"og_locale":"es_ES","og_type":"article","og_title":"Liberando tus flechas","og_description":"En alg\u00fan momento, todos los padres tienen que liberar a sus hijos y confiar en el plan de Dios para sus vidas, no importando d\u00f3nde los lleve ese plan.","og_url":"https:\/\/www.vidaenfamilia.org\/ser-padres\/2019\/12\/23\/liberando-tus-flechas\/","og_site_name":"El Arte de Ser Padres","article_publisher":"https:\/\/www.facebook.com\/FamilyLifeEspanol\/","article_published_time":"2019-12-23T11:31:41+00:00","article_modified_time":"2020-02-13T23:16:41+00:00","og_image":[{"width":1040,"height":326,"url":"https:\/\/www.vidaenfamilia.org\/ser-padres\/wp-content\/uploads\/sites\/256\/2019\/12\/releasing-your-arrows-1040x326-1.jpg","type":"image\/jpeg"}],"author":"jec1744@gmail.com","twitter_card":"summary_large_image","twitter_misc":{"Escrito por":"jec1744@gmail.com","Tiempo de lectura":"6 minutos"},"schema":{"@context":"https:\/\/schema.org","@graph":[{"@type":"Article","@id":"https:\/\/www.vidaenfamilia.org\/ser-padres\/2019\/12\/23\/liberando-tus-flechas\/#article","isPartOf":{"@id":"https:\/\/www.vidaenfamilia.org\/ser-padres\/2019\/12\/23\/liberando-tus-flechas\/"},"author":{"name":"jec1744@gmail.com","@id":"https:\/\/www.vidaenfamilia.org\/ser-padres\/#\/schema\/person\/df206a98a88222dac02c2729d28f5292"},"headline":"Liberando tus flechas","datePublished":"2019-12-23T11:31:41+00:00","dateModified":"2020-02-13T23:16:41+00:00","mainEntityOfPage":{"@id":"https:\/\/www.vidaenfamilia.org\/ser-padres\/2019\/12\/23\/liberando-tus-flechas\/"},"wordCount":1197,"commentCount":0,"publisher":{"@id":"https:\/\/www.vidaenfamilia.org\/ser-padres\/#organization"},"image":{"@id":"https:\/\/www.vidaenfamilia.org\/ser-padres\/2019\/12\/23\/liberando-tus-flechas\/#primaryimage"},"thumbnailUrl":"https:\/\/www.vidaenfamilia.org\/ser-padres\/wp-content\/uploads\/sites\/256\/2019\/12\/releasing-your-arrows-1040x326-1.jpg","articleSection":["Liberar a su hijo"],"inLanguage":"es","potentialAction":[{"@type":"CommentAction","name":"Comment","target":["https:\/\/www.vidaenfamilia.org\/ser-padres\/2019\/12\/23\/liberando-tus-flechas\/#respond"]}]},{"@type":"WebPage","@id":"https:\/\/www.vidaenfamilia.org\/ser-padres\/2019\/12\/23\/liberando-tus-flechas\/","url":"https:\/\/www.vidaenfamilia.org\/ser-padres\/2019\/12\/23\/liberando-tus-flechas\/","name":"Liberando tus flechas - El Arte de Ser Padres","isPartOf":{"@id":"https:\/\/www.vidaenfamilia.org\/ser-padres\/#website"},"primaryImageOfPage":{"@id":"https:\/\/www.vidaenfamilia.org\/ser-padres\/2019\/12\/23\/liberando-tus-flechas\/#primaryimage"},"image":{"@id":"https:\/\/www.vidaenfamilia.org\/ser-padres\/2019\/12\/23\/liberando-tus-flechas\/#primaryimage"},"thumbnailUrl":"https:\/\/www.vidaenfamilia.org\/ser-padres\/wp-content\/uploads\/sites\/256\/2019\/12\/releasing-your-arrows-1040x326-1.jpg","datePublished":"2019-12-23T11:31:41+00:00","dateModified":"2020-02-13T23:16:41+00:00","breadcrumb":{"@id":"https:\/\/www.vidaenfamilia.org\/ser-padres\/2019\/12\/23\/liberando-tus-flechas\/#breadcrumb"},"inLanguage":"es","potentialAction":[{"@type":"ReadAction","target":["https:\/\/www.vidaenfamilia.org\/ser-padres\/2019\/12\/23\/liberando-tus-flechas\/"]}]},{"@type":"ImageObject","inLanguage":"es","@id":"https:\/\/www.vidaenfamilia.org\/ser-padres\/2019\/12\/23\/liberando-tus-flechas\/#primaryimage","url":"https:\/\/www.vidaenfamilia.org\/ser-padres\/wp-content\/uploads\/sites\/256\/2019\/12\/releasing-your-arrows-1040x326-1.jpg","contentUrl":"https:\/\/www.vidaenfamilia.org\/ser-padres\/wp-content\/uploads\/sites\/256\/2019\/12\/releasing-your-arrows-1040x326-1.jpg","width":1040,"height":326},{"@type":"BreadcrumbList","@id":"https:\/\/www.vidaenfamilia.org\/ser-padres\/2019\/12\/23\/liberando-tus-flechas\/#breadcrumb","itemListElement":[{"@type":"ListItem","position":1,"name":"Home","item":"https:\/\/www.vidaenfamilia.org\/ser-padres\/"},{"@type":"ListItem","position":2,"name":"Liberando tus flechas"}]},{"@type":"WebSite","@id":"https:\/\/www.vidaenfamilia.org\/ser-padres\/#website","url":"https:\/\/www.vidaenfamilia.org\/ser-padres\/","name":"El Arte de Ser Padres","description":"Just another FamilyLife Sites site","publisher":{"@id":"https:\/\/www.vidaenfamilia.org\/ser-padres\/#organization"},"potentialAction":[{"@type":"SearchAction","target":{"@type":"EntryPoint","urlTemplate":"https:\/\/www.vidaenfamilia.org\/ser-padres\/?s={search_term_string}"},"query-input":{"@type":"PropertyValueSpecification","valueRequired":true,"valueName":"search_term_string"}}],"inLanguage":"es"},{"@type":"Organization","@id":"https:\/\/www.vidaenfamilia.org\/ser-padres\/#organization","name":"Vida en Familia","url":"https:\/\/www.vidaenfamilia.org\/ser-padres\/","logo":{"@type":"ImageObject","inLanguage":"es","@id":"https:\/\/www.vidaenfamilia.org\/ser-padres\/#\/schema\/logo\/image\/","url":"https:\/\/www.vidaenfamilia.org\/ser-padres\/wp-content\/uploads\/sites\/256\/2019\/09\/AOP_Logo.png","contentUrl":"https:\/\/www.vidaenfamilia.org\/ser-padres\/wp-content\/uploads\/sites\/256\/2019\/09\/AOP_Logo.png","width":2096,"height":606,"caption":"Vida en Familia"},"image":{"@id":"https:\/\/www.vidaenfamilia.org\/ser-padres\/#\/schema\/logo\/image\/"},"sameAs":["https:\/\/www.facebook.com\/FamilyLifeEspanol\/","https:\/\/www.youtube.com\/channel\/UCbSaVUomQ-OO21t-OieGOMQ"]},{"@type":"Person","@id":"https:\/\/www.vidaenfamilia.org\/ser-padres\/#\/schema\/person\/df206a98a88222dac02c2729d28f5292","name":"jec1744@gmail.com","image":{"@type":"ImageObject","inLanguage":"es","@id":"https:\/\/www.vidaenfamilia.org\/ser-padres\/#\/schema\/person\/image\/","url":"https:\/\/secure.gravatar.com\/avatar\/354accaa5141cea8b651a9cf4e1d9a8fc277face97e73455c96fa3025f48aa99?s=96&d=mm&r=g","contentUrl":"https:\/\/secure.gravatar.com\/avatar\/354accaa5141cea8b651a9cf4e1d9a8fc277face97e73455c96fa3025f48aa99?s=96&d=mm&r=g","caption":"jec1744@gmail.com"},"url":"https:\/\/www.vidaenfamilia.org\/ser-padres\/author\/jec1744gmail-com\/"}]}},"jetpack_featured_media_url":"https:\/\/www.vidaenfamilia.org\/ser-padres\/wp-content\/uploads\/sites\/256\/2019\/12\/releasing-your-arrows-1040x326-1.jpg","meta_box":{"_cloudsearch_visibility":""},"_links":{"self":[{"href":"https:\/\/www.vidaenfamilia.org\/ser-padres\/wp-json\/wp\/v2\/posts\/11650","targetHints":{"allow":["GET"]}}],"collection":[{"href":"https:\/\/www.vidaenfamilia.org\/ser-padres\/wp-json\/wp\/v2\/posts"}],"about":[{"href":"https:\/\/www.vidaenfamilia.org\/ser-padres\/wp-json\/wp\/v2\/types\/post"}],"author":[{"embeddable":true,"href":"https:\/\/www.vidaenfamilia.org\/ser-padres\/wp-json\/wp\/v2\/users\/26565"}],"replies":[{"embeddable":true,"href":"https:\/\/www.vidaenfamilia.org\/ser-padres\/wp-json\/wp\/v2\/comments?post=11650"}],"version-history":[{"count":1,"href":"https:\/\/www.vidaenfamilia.org\/ser-padres\/wp-json\/wp\/v2\/posts\/11650\/revisions"}],"predecessor-version":[{"id":12383,"href":"https:\/\/www.vidaenfamilia.org\/ser-padres\/wp-json\/wp\/v2\/posts\/11650\/revisions\/12383"}],"wp:featuredmedia":[{"embeddable":true,"href":"https:\/\/www.vidaenfamilia.org\/ser-padres\/wp-json\/wp\/v2\/media\/11651"}],"wp:attachment":[{"href":"https:\/\/www.vidaenfamilia.org\/ser-padres\/wp-json\/wp\/v2\/media?parent=11650"}],"wp:term":[{"taxonomy":"category","embeddable":true,"href":"https:\/\/www.vidaenfamilia.org\/ser-padres\/wp-json\/wp\/v2\/categories?post=11650"},{"taxonomy":"post_tag","embeddable":true,"href":"https:\/\/www.vidaenfamilia.org\/ser-padres\/wp-json\/wp\/v2\/tags?post=11650"}],"curies":[{"name":"wp","href":"https:\/\/api.w.org\/{rel}","templated":true}]}}