{"id":11642,"date":"2019-12-23T11:25:24","date_gmt":"2019-12-23T11:25:24","guid":{"rendered":"https:\/\/sites-stage.familylife.com\/arte-de-ser-padres\/?p=11642"},"modified":"2020-02-13T23:04:36","modified_gmt":"2020-02-13T23:04:36","slug":"5-maneras-en-que-mis-padres-moldearon-mi-vida-espiritual","status":"publish","type":"post","link":"https:\/\/www.vidaenfamilia.org\/ser-padres\/2019\/12\/23\/5-maneras-en-que-mis-padres-moldearon-mi-vida-espiritual\/","title":{"rendered":"5 Maneras en que mis Padres Moldearon mi Vida Espiritual"},"content":{"rendered":"<p>La luz de los faros del coche que pasaba giraba alrededor de las paredes de mi habitaci\u00f3n y mis ojos se abrieron de par en par.<\/p>\n<p>\u00bfQui\u00e9n conduc\u00eda por nuestro callej\u00f3n sin salida por la noche? \u00bfNos iban a robar? \u00bfLe prender\u00edan fuego a nuestra casa?<\/p>\n<p>El miedo se apoder\u00f3 de mi joven coraz\u00f3n mientras conclusiones irracionales inundaban mi mente. No esper\u00e9 mucho para deslizarme de la cama y bajar corriendo en busca de consuelo.<\/p>\n<p>Me par\u00e9 en el descanso de la escalera, mir\u00e9 a mam\u00e1 y pap\u00e1 en el sof\u00e1, y r\u00e1pidamente les cont\u00e9 lo que hab\u00eda visto.<\/p>\n<p>Despu\u00e9s de hablarme cuidadosamente acerca de mis miedos y orar conmigo, pap\u00e1 me acompa\u00f1\u00f3 a mi habitaci\u00f3n, me cant\u00f3 en voz baja y volvi\u00f3 a bajar las escaleras.<\/p>\n<p>Momentos como este han sido significativos para moldear la forma en que interact\u00fao con el Se\u00f1or. Mis padres hicieron m\u00e1s que ense\u00f1arme a caminar como creyente y honrar a Cristo en todas las cosas; ellos me mostraron c\u00f3mo hacerlo.<\/p>\n<p>Aqu\u00ed hay cinco h\u00e1bitos que mis padres incorporaron durante mi infancia y que han tenido una influencia especial en mi vida espiritual.<\/p>\n<ol>\n<li><strong> Me ense\u00f1aron a cantar himnos.<\/strong><\/li>\n<\/ol>\n<p>Con dos chicas en ballet durante m\u00e1s de 10 a\u00f1os, pueden imaginarse cu\u00e1ntos mo\u00f1os de pelo se hicieron en mi casa. Mam\u00e1 era la \u00abmaestra de mo\u00f1os\u00bb cuando \u00e9ramos j\u00f3venes, y durante esos momentos frente al espejo, ella nos ense\u00f1aba a mi hermana menor y a m\u00ed a cantar himnos &#8230; \u00a1 a tres voces en armon\u00eda!<\/p>\n<p>Estas no eran simplemente lecciones de m\u00fasica. Las lecciones teol\u00f3gicas integradas en estos himnos se han mantenido conmigo hasta hoy. Letras como \u00ab\u00c9l esconde mi vida en las profundidades de su amor, y me cubre all\u00ed con su mano\u00bb y \u00abBendita seguridad, Jes\u00fas es m\u00edo, oh, qu\u00e9 anticipo de la gloria divina\u00bb est\u00e1n marcadas en mi coraz\u00f3n, para ser recordadas en cualquier momento.<\/p>\n<p>Las palabras de verdad que canto mental y audiblemente tienen el poder de recalibrar mi pensamiento y mis emociones sobre lo que es agradable al Se\u00f1or. Muchas ma\u00f1anas de mal humor han sido reanimadas por un viejo himno o dos. Cuando canto las canciones espirituales que me ense\u00f1aron, ellas me se\u00f1alan a Dios.<\/p>\n<ol start=\"2\">\n<li><strong> Me mostraron c\u00f3mo le\u00edan las Escrituras.<\/strong><\/li>\n<\/ol>\n<p>Cada ma\u00f1ana, durante mi infancia, mi madre se sentaba en los escalones del porche delantero para pasar un tiempo tranquilo con Dios. La ve\u00eda salir con su Biblia y su libro devocional bajo el brazo, ansiosa por sumergirse en ellos. De manera similar, crec\u00ed viendo a mi padre leer su Biblia de cuero en su silla de cuero por las noches, y antes de ir a la iglesia los domingos. Ambos ten\u00edan hambre de la Palabra de Dios. Ambos la ve\u00edan como su m\u00e1xima autoridad. Desde que era joven, he observado a mis padres poner la lectura de las Escrituras en el primer lugar de su lista de prioridades debido a un anhelo de gu\u00eda y santidad.<\/p>\n<p>As\u00ed que mi hambre personal por la lectura consistente de las Escrituras comenz\u00f3 observando a mis padres. Ahora, cuando voy a la casa a visitarlos, a menudo me siento afuera con mi propia Biblia y mi mam\u00e1 y yo compartimos las verdades que hemos descubierto. \u00a1Qu\u00e9 bendici\u00f3n compartir esto en familia!<\/p>\n<ol start=\"3\">\n<li><strong> Me ense\u00f1aron a orar.<\/strong><\/li>\n<\/ol>\n<p>Descubr\u00ed hace a\u00f1os que todas las ma\u00f1anas, cuando mi pap\u00e1 se dirige al trabajo, ora por cada una de sus hijas cuando pasa por nuestras habitaciones. \u00c9l eleva cada una de nuestras necesidades a nuestro Padre quien con gusto escucha. Mi madre hace lo mismo durante sus \u00abmomentos de tranquilidad\u00bb con Dios. No s\u00f3lo oran por nuestros d\u00edas, sino para que mi hermana y yo sirvamos y amemos al Se\u00f1or en todo lo que hagamos.<\/p>\n<p>Mi vida personal de oraci\u00f3n ha sido significativamente moldeada al presenciar la de ellos. Me han mostrado que nada es demasiado grande o demasiado peque\u00f1o para hablar con Dios. Como Pablo nos dice en Filipenses 4: 6, \u00aben todo por medio de la oraci\u00f3n y la s\u00faplica con acci\u00f3n de gracias\u00bb es que las peticiones deben darse a conocer a Dios. Nada debe quedar por fuera.<\/p>\n<p>Incluso ahora, se me salen las l\u00e1grimas al pensar en la cantidad de oraci\u00f3n que mis padres han invertido en mi familia.<\/p>\n<ol start=\"4\">\n<li><strong> Me mostraron c\u00f3mo servir a los dem\u00e1s.<\/strong><\/li>\n<\/ol>\n<p>Cuando un amigao la necesita, mi mam\u00e1 est\u00e1 all\u00ed en un instante. Si ella necesita la ayuda de mi pap\u00e1, \u00e9l sacrifica sus necesidades por las de ella. Juntos como pareja, mis padres sirven a los que est\u00e1n sufriendo. No tienen miedo de arrastrarse a trav\u00e9s de los l\u00edos o problemaspor el desorden de la vida juntos. No tienen miedo de sacrificar su comodidad;, sino que colocan a los dem\u00e1s antes que a ellos mismos.<\/p>\n<p>Ellos han ejemplificado, \u00abAmar\u00e1s a tu pr\u00f3jimo como a ti mismo\u00bb (Mateo 22:39) y \u00abNo busque cada uno su propio inter\u00e9s, sino cada cual tambi\u00e9n el de los dem\u00e1s\u00bb (Filipenses 2: 4).<\/p>\n<p>Vivir con quienes practican lo que ense\u00f1an me ha ense\u00f1ado a vivir para otros.<\/p>\n<ol start=\"5\">\n<li><strong> Me ense\u00f1aron a morar en lo bueno, lo verdadero y lo amable.<\/strong><\/li>\n<\/ol>\n<p>Como lo mencion\u00e9, yo era una ni\u00f1a temerosa. Esas muchas noches en las que baj\u00e9 las escaleras con terror, mi pap\u00e1 escuchaba constantemente mientras yo expresaba mis temores. Lo m\u00e1s importante es que luego guiaba suavemente mi mente hacia lo que es verdadero. \u00c9l abordaba tanto la verdad de mi situaci\u00f3n como la verdad acerca de Dios.<\/p>\n<p>En una noche espec\u00edfica, recuerdo haber venido a mi madre por la misma raz\u00f3n. Ella me dijo que me detuviera a pensar, o que morara en cosas buenas y amables. Ella estaba citando indirectamente a Filipenses 4: 8 que dice: \u00abPor lo dem\u00e1s, hermanos, lo que es verdadero &#8230; lo que es amable &#8230; si hay algo digno de alabanza, piensen en ello\u201d.<\/p>\n<p>Estos primeros recordatorios para que more en lo que es bueno, verdadero y amable hicieron una marca significativa en mis patrones de pensamiento. Pensar de esta manera no ha bloqueado las duras realidades del mundo, sino que ha ofrecido un lente de verdad a trav\u00e9s del cual verlas. Debido a que mis padres se han comprometido a hablar y vivir lo que es verdadero y amable, mi vida mental se ha transformado.<\/p>\n<p>Nunca pens\u00e9 que aprender canciones, ver a mis padres leer o pensar en cosas hermosas cambiar\u00eda mi vida, pero lo han hecho. Mis interacciones con Dios de d\u00eda en d\u00eda no se ver\u00edan iguales si no hubier vivido con padres que demostraron vidas espiritualmente sanas . Este es mi homenaje. Siempre estar\u00e9 agradecida y espero hacer lo mismo con mi propia familia alg\u00fan d\u00eda.<\/p>\n<hr \/>\n<p><em>\u00a9 2017 por FamilyLife. Todos los derechos reservados.<\/em><\/p>\n","protected":false},"excerpt":{"rendered":"<p>Mis padres me mostraron c\u00f3mo caminar como creyente y honrar a Cristo en todas las cosas.<\/p>\n","protected":false},"author":26565,"featured_media":11644,"comment_status":"open","ping_status":"open","sticky":false,"template":"","format":"standard","meta":{"_acf_changed":false,"inline_featured_image":false,"fl_requires_login":false,"footnotes":""},"categories":[44],"tags":[],"class_list":["post-11642","post","type-post","status-publish","format-standard","has-post-thumbnail","hentry","category-desarrollo-espiritual"],"acf":[],"yoast_head":"<!-- This site is optimized with the Yoast SEO Premium plugin v18.3 (Yoast SEO v26.7) - https:\/\/yoast.com\/wordpress\/plugins\/seo\/ -->\n<title>5 Maneras en que mis Padres Moldearon mi Vida Espiritual - El Arte de Ser Padres<\/title>\n<meta name=\"robots\" content=\"noindex, follow\" \/>\n<meta property=\"og:locale\" content=\"es_ES\" \/>\n<meta property=\"og:type\" content=\"article\" \/>\n<meta property=\"og:title\" content=\"5 Maneras en que mis Padres Moldearon mi Vida Espiritual\" \/>\n<meta property=\"og:description\" content=\"Mis padres me mostraron c\u00f3mo caminar como creyente y honrar a Cristo en todas las cosas.\" \/>\n<meta property=\"og:url\" content=\"https:\/\/www.vidaenfamilia.org\/ser-padres\/2019\/12\/23\/5-maneras-en-que-mis-padres-moldearon-mi-vida-espiritual\/\" \/>\n<meta property=\"og:site_name\" content=\"El Arte de Ser Padres\" \/>\n<meta property=\"article:publisher\" content=\"https:\/\/www.facebook.com\/FamilyLifeEspanol\/\" \/>\n<meta property=\"article:published_time\" content=\"2019-12-23T11:25:24+00:00\" \/>\n<meta property=\"article:modified_time\" content=\"2020-02-13T23:04:36+00:00\" \/>\n<meta property=\"og:image\" content=\"https:\/\/www.vidaenfamilia.org\/ser-padres\/wp-content\/uploads\/sites\/256\/2019\/12\/5-ways-my-parents-shaped-my-spiritual-life-1040x326-1.jpg\" \/>\n\t<meta property=\"og:image:width\" content=\"1040\" \/>\n\t<meta property=\"og:image:height\" content=\"326\" \/>\n\t<meta property=\"og:image:type\" content=\"image\/jpeg\" \/>\n<meta name=\"author\" content=\"jec1744@gmail.com\" \/>\n<meta name=\"twitter:card\" content=\"summary_large_image\" \/>\n<meta name=\"twitter:label1\" content=\"Escrito por\" \/>\n\t<meta name=\"twitter:data1\" content=\"jec1744@gmail.com\" \/>\n\t<meta name=\"twitter:label2\" content=\"Tiempo de lectura\" \/>\n\t<meta name=\"twitter:data2\" content=\"6 minutos\" \/>\n<script type=\"application\/ld+json\" class=\"yoast-schema-graph\">{\"@context\":\"https:\/\/schema.org\",\"@graph\":[{\"@type\":\"Article\",\"@id\":\"https:\/\/www.vidaenfamilia.org\/ser-padres\/2019\/12\/23\/5-maneras-en-que-mis-padres-moldearon-mi-vida-espiritual\/#article\",\"isPartOf\":{\"@id\":\"https:\/\/www.vidaenfamilia.org\/ser-padres\/2019\/12\/23\/5-maneras-en-que-mis-padres-moldearon-mi-vida-espiritual\/\"},\"author\":{\"name\":\"jec1744@gmail.com\",\"@id\":\"https:\/\/www.vidaenfamilia.org\/ser-padres\/#\/schema\/person\/df206a98a88222dac02c2729d28f5292\"},\"headline\":\"5 Maneras en que mis Padres Moldearon mi Vida Espiritual\",\"datePublished\":\"2019-12-23T11:25:24+00:00\",\"dateModified\":\"2020-02-13T23:04:36+00:00\",\"mainEntityOfPage\":{\"@id\":\"https:\/\/www.vidaenfamilia.org\/ser-padres\/2019\/12\/23\/5-maneras-en-que-mis-padres-moldearon-mi-vida-espiritual\/\"},\"wordCount\":1189,\"commentCount\":0,\"publisher\":{\"@id\":\"https:\/\/www.vidaenfamilia.org\/ser-padres\/#organization\"},\"image\":{\"@id\":\"https:\/\/www.vidaenfamilia.org\/ser-padres\/2019\/12\/23\/5-maneras-en-que-mis-padres-moldearon-mi-vida-espiritual\/#primaryimage\"},\"thumbnailUrl\":\"https:\/\/www.vidaenfamilia.org\/ser-padres\/wp-content\/uploads\/sites\/256\/2019\/12\/5-ways-my-parents-shaped-my-spiritual-life-1040x326-1.jpg\",\"articleSection\":[\"Desarrollo espiritual\"],\"inLanguage\":\"es\",\"potentialAction\":[{\"@type\":\"CommentAction\",\"name\":\"Comment\",\"target\":[\"https:\/\/www.vidaenfamilia.org\/ser-padres\/2019\/12\/23\/5-maneras-en-que-mis-padres-moldearon-mi-vida-espiritual\/#respond\"]}]},{\"@type\":\"WebPage\",\"@id\":\"https:\/\/www.vidaenfamilia.org\/ser-padres\/2019\/12\/23\/5-maneras-en-que-mis-padres-moldearon-mi-vida-espiritual\/\",\"url\":\"https:\/\/www.vidaenfamilia.org\/ser-padres\/2019\/12\/23\/5-maneras-en-que-mis-padres-moldearon-mi-vida-espiritual\/\",\"name\":\"5 Maneras en que mis Padres Moldearon mi Vida Espiritual - El Arte de Ser Padres\",\"isPartOf\":{\"@id\":\"https:\/\/www.vidaenfamilia.org\/ser-padres\/#website\"},\"primaryImageOfPage\":{\"@id\":\"https:\/\/www.vidaenfamilia.org\/ser-padres\/2019\/12\/23\/5-maneras-en-que-mis-padres-moldearon-mi-vida-espiritual\/#primaryimage\"},\"image\":{\"@id\":\"https:\/\/www.vidaenfamilia.org\/ser-padres\/2019\/12\/23\/5-maneras-en-que-mis-padres-moldearon-mi-vida-espiritual\/#primaryimage\"},\"thumbnailUrl\":\"https:\/\/www.vidaenfamilia.org\/ser-padres\/wp-content\/uploads\/sites\/256\/2019\/12\/5-ways-my-parents-shaped-my-spiritual-life-1040x326-1.jpg\",\"datePublished\":\"2019-12-23T11:25:24+00:00\",\"dateModified\":\"2020-02-13T23:04:36+00:00\",\"breadcrumb\":{\"@id\":\"https:\/\/www.vidaenfamilia.org\/ser-padres\/2019\/12\/23\/5-maneras-en-que-mis-padres-moldearon-mi-vida-espiritual\/#breadcrumb\"},\"inLanguage\":\"es\",\"potentialAction\":[{\"@type\":\"ReadAction\",\"target\":[\"https:\/\/www.vidaenfamilia.org\/ser-padres\/2019\/12\/23\/5-maneras-en-que-mis-padres-moldearon-mi-vida-espiritual\/\"]}]},{\"@type\":\"ImageObject\",\"inLanguage\":\"es\",\"@id\":\"https:\/\/www.vidaenfamilia.org\/ser-padres\/2019\/12\/23\/5-maneras-en-que-mis-padres-moldearon-mi-vida-espiritual\/#primaryimage\",\"url\":\"https:\/\/www.vidaenfamilia.org\/ser-padres\/wp-content\/uploads\/sites\/256\/2019\/12\/5-ways-my-parents-shaped-my-spiritual-life-1040x326-1.jpg\",\"contentUrl\":\"https:\/\/www.vidaenfamilia.org\/ser-padres\/wp-content\/uploads\/sites\/256\/2019\/12\/5-ways-my-parents-shaped-my-spiritual-life-1040x326-1.jpg\",\"width\":1040,\"height\":326},{\"@type\":\"BreadcrumbList\",\"@id\":\"https:\/\/www.vidaenfamilia.org\/ser-padres\/2019\/12\/23\/5-maneras-en-que-mis-padres-moldearon-mi-vida-espiritual\/#breadcrumb\",\"itemListElement\":[{\"@type\":\"ListItem\",\"position\":1,\"name\":\"Home\",\"item\":\"https:\/\/www.vidaenfamilia.org\/ser-padres\/\"},{\"@type\":\"ListItem\",\"position\":2,\"name\":\"5 Maneras en que mis Padres Moldearon mi Vida Espiritual\"}]},{\"@type\":\"WebSite\",\"@id\":\"https:\/\/www.vidaenfamilia.org\/ser-padres\/#website\",\"url\":\"https:\/\/www.vidaenfamilia.org\/ser-padres\/\",\"name\":\"El Arte de Ser Padres\",\"description\":\"Just another FamilyLife Sites site\",\"publisher\":{\"@id\":\"https:\/\/www.vidaenfamilia.org\/ser-padres\/#organization\"},\"potentialAction\":[{\"@type\":\"SearchAction\",\"target\":{\"@type\":\"EntryPoint\",\"urlTemplate\":\"https:\/\/www.vidaenfamilia.org\/ser-padres\/?s={search_term_string}\"},\"query-input\":{\"@type\":\"PropertyValueSpecification\",\"valueRequired\":true,\"valueName\":\"search_term_string\"}}],\"inLanguage\":\"es\"},{\"@type\":\"Organization\",\"@id\":\"https:\/\/www.vidaenfamilia.org\/ser-padres\/#organization\",\"name\":\"Vida en Familia\",\"url\":\"https:\/\/www.vidaenfamilia.org\/ser-padres\/\",\"logo\":{\"@type\":\"ImageObject\",\"inLanguage\":\"es\",\"@id\":\"https:\/\/www.vidaenfamilia.org\/ser-padres\/#\/schema\/logo\/image\/\",\"url\":\"https:\/\/www.vidaenfamilia.org\/ser-padres\/wp-content\/uploads\/sites\/256\/2019\/09\/AOP_Logo.png\",\"contentUrl\":\"https:\/\/www.vidaenfamilia.org\/ser-padres\/wp-content\/uploads\/sites\/256\/2019\/09\/AOP_Logo.png\",\"width\":2096,\"height\":606,\"caption\":\"Vida en Familia\"},\"image\":{\"@id\":\"https:\/\/www.vidaenfamilia.org\/ser-padres\/#\/schema\/logo\/image\/\"},\"sameAs\":[\"https:\/\/www.facebook.com\/FamilyLifeEspanol\/\",\"https:\/\/www.youtube.com\/channel\/UCbSaVUomQ-OO21t-OieGOMQ\"]},{\"@type\":\"Person\",\"@id\":\"https:\/\/www.vidaenfamilia.org\/ser-padres\/#\/schema\/person\/df206a98a88222dac02c2729d28f5292\",\"name\":\"jec1744@gmail.com\",\"image\":{\"@type\":\"ImageObject\",\"inLanguage\":\"es\",\"@id\":\"https:\/\/www.vidaenfamilia.org\/ser-padres\/#\/schema\/person\/image\/\",\"url\":\"https:\/\/secure.gravatar.com\/avatar\/354accaa5141cea8b651a9cf4e1d9a8fc277face97e73455c96fa3025f48aa99?s=96&d=mm&r=g\",\"contentUrl\":\"https:\/\/secure.gravatar.com\/avatar\/354accaa5141cea8b651a9cf4e1d9a8fc277face97e73455c96fa3025f48aa99?s=96&d=mm&r=g\",\"caption\":\"jec1744@gmail.com\"},\"url\":\"https:\/\/www.vidaenfamilia.org\/ser-padres\/author\/jec1744gmail-com\/\"}]}<\/script>\n<!-- \/ Yoast SEO Premium plugin. -->","yoast_head_json":{"title":"5 Maneras en que mis Padres Moldearon mi Vida Espiritual - El Arte de Ser Padres","robots":{"index":"noindex","follow":"follow"},"og_locale":"es_ES","og_type":"article","og_title":"5 Maneras en que mis Padres Moldearon mi Vida Espiritual","og_description":"Mis padres me mostraron c\u00f3mo caminar como creyente y honrar a Cristo en todas las cosas.","og_url":"https:\/\/www.vidaenfamilia.org\/ser-padres\/2019\/12\/23\/5-maneras-en-que-mis-padres-moldearon-mi-vida-espiritual\/","og_site_name":"El Arte de Ser Padres","article_publisher":"https:\/\/www.facebook.com\/FamilyLifeEspanol\/","article_published_time":"2019-12-23T11:25:24+00:00","article_modified_time":"2020-02-13T23:04:36+00:00","og_image":[{"width":1040,"height":326,"url":"https:\/\/www.vidaenfamilia.org\/ser-padres\/wp-content\/uploads\/sites\/256\/2019\/12\/5-ways-my-parents-shaped-my-spiritual-life-1040x326-1.jpg","type":"image\/jpeg"}],"author":"jec1744@gmail.com","twitter_card":"summary_large_image","twitter_misc":{"Escrito por":"jec1744@gmail.com","Tiempo de lectura":"6 minutos"},"schema":{"@context":"https:\/\/schema.org","@graph":[{"@type":"Article","@id":"https:\/\/www.vidaenfamilia.org\/ser-padres\/2019\/12\/23\/5-maneras-en-que-mis-padres-moldearon-mi-vida-espiritual\/#article","isPartOf":{"@id":"https:\/\/www.vidaenfamilia.org\/ser-padres\/2019\/12\/23\/5-maneras-en-que-mis-padres-moldearon-mi-vida-espiritual\/"},"author":{"name":"jec1744@gmail.com","@id":"https:\/\/www.vidaenfamilia.org\/ser-padres\/#\/schema\/person\/df206a98a88222dac02c2729d28f5292"},"headline":"5 Maneras en que mis Padres Moldearon mi Vida Espiritual","datePublished":"2019-12-23T11:25:24+00:00","dateModified":"2020-02-13T23:04:36+00:00","mainEntityOfPage":{"@id":"https:\/\/www.vidaenfamilia.org\/ser-padres\/2019\/12\/23\/5-maneras-en-que-mis-padres-moldearon-mi-vida-espiritual\/"},"wordCount":1189,"commentCount":0,"publisher":{"@id":"https:\/\/www.vidaenfamilia.org\/ser-padres\/#organization"},"image":{"@id":"https:\/\/www.vidaenfamilia.org\/ser-padres\/2019\/12\/23\/5-maneras-en-que-mis-padres-moldearon-mi-vida-espiritual\/#primaryimage"},"thumbnailUrl":"https:\/\/www.vidaenfamilia.org\/ser-padres\/wp-content\/uploads\/sites\/256\/2019\/12\/5-ways-my-parents-shaped-my-spiritual-life-1040x326-1.jpg","articleSection":["Desarrollo espiritual"],"inLanguage":"es","potentialAction":[{"@type":"CommentAction","name":"Comment","target":["https:\/\/www.vidaenfamilia.org\/ser-padres\/2019\/12\/23\/5-maneras-en-que-mis-padres-moldearon-mi-vida-espiritual\/#respond"]}]},{"@type":"WebPage","@id":"https:\/\/www.vidaenfamilia.org\/ser-padres\/2019\/12\/23\/5-maneras-en-que-mis-padres-moldearon-mi-vida-espiritual\/","url":"https:\/\/www.vidaenfamilia.org\/ser-padres\/2019\/12\/23\/5-maneras-en-que-mis-padres-moldearon-mi-vida-espiritual\/","name":"5 Maneras en que mis Padres Moldearon mi Vida Espiritual - El Arte de Ser Padres","isPartOf":{"@id":"https:\/\/www.vidaenfamilia.org\/ser-padres\/#website"},"primaryImageOfPage":{"@id":"https:\/\/www.vidaenfamilia.org\/ser-padres\/2019\/12\/23\/5-maneras-en-que-mis-padres-moldearon-mi-vida-espiritual\/#primaryimage"},"image":{"@id":"https:\/\/www.vidaenfamilia.org\/ser-padres\/2019\/12\/23\/5-maneras-en-que-mis-padres-moldearon-mi-vida-espiritual\/#primaryimage"},"thumbnailUrl":"https:\/\/www.vidaenfamilia.org\/ser-padres\/wp-content\/uploads\/sites\/256\/2019\/12\/5-ways-my-parents-shaped-my-spiritual-life-1040x326-1.jpg","datePublished":"2019-12-23T11:25:24+00:00","dateModified":"2020-02-13T23:04:36+00:00","breadcrumb":{"@id":"https:\/\/www.vidaenfamilia.org\/ser-padres\/2019\/12\/23\/5-maneras-en-que-mis-padres-moldearon-mi-vida-espiritual\/#breadcrumb"},"inLanguage":"es","potentialAction":[{"@type":"ReadAction","target":["https:\/\/www.vidaenfamilia.org\/ser-padres\/2019\/12\/23\/5-maneras-en-que-mis-padres-moldearon-mi-vida-espiritual\/"]}]},{"@type":"ImageObject","inLanguage":"es","@id":"https:\/\/www.vidaenfamilia.org\/ser-padres\/2019\/12\/23\/5-maneras-en-que-mis-padres-moldearon-mi-vida-espiritual\/#primaryimage","url":"https:\/\/www.vidaenfamilia.org\/ser-padres\/wp-content\/uploads\/sites\/256\/2019\/12\/5-ways-my-parents-shaped-my-spiritual-life-1040x326-1.jpg","contentUrl":"https:\/\/www.vidaenfamilia.org\/ser-padres\/wp-content\/uploads\/sites\/256\/2019\/12\/5-ways-my-parents-shaped-my-spiritual-life-1040x326-1.jpg","width":1040,"height":326},{"@type":"BreadcrumbList","@id":"https:\/\/www.vidaenfamilia.org\/ser-padres\/2019\/12\/23\/5-maneras-en-que-mis-padres-moldearon-mi-vida-espiritual\/#breadcrumb","itemListElement":[{"@type":"ListItem","position":1,"name":"Home","item":"https:\/\/www.vidaenfamilia.org\/ser-padres\/"},{"@type":"ListItem","position":2,"name":"5 Maneras en que mis Padres Moldearon mi Vida Espiritual"}]},{"@type":"WebSite","@id":"https:\/\/www.vidaenfamilia.org\/ser-padres\/#website","url":"https:\/\/www.vidaenfamilia.org\/ser-padres\/","name":"El Arte de Ser Padres","description":"Just another FamilyLife Sites site","publisher":{"@id":"https:\/\/www.vidaenfamilia.org\/ser-padres\/#organization"},"potentialAction":[{"@type":"SearchAction","target":{"@type":"EntryPoint","urlTemplate":"https:\/\/www.vidaenfamilia.org\/ser-padres\/?s={search_term_string}"},"query-input":{"@type":"PropertyValueSpecification","valueRequired":true,"valueName":"search_term_string"}}],"inLanguage":"es"},{"@type":"Organization","@id":"https:\/\/www.vidaenfamilia.org\/ser-padres\/#organization","name":"Vida en Familia","url":"https:\/\/www.vidaenfamilia.org\/ser-padres\/","logo":{"@type":"ImageObject","inLanguage":"es","@id":"https:\/\/www.vidaenfamilia.org\/ser-padres\/#\/schema\/logo\/image\/","url":"https:\/\/www.vidaenfamilia.org\/ser-padres\/wp-content\/uploads\/sites\/256\/2019\/09\/AOP_Logo.png","contentUrl":"https:\/\/www.vidaenfamilia.org\/ser-padres\/wp-content\/uploads\/sites\/256\/2019\/09\/AOP_Logo.png","width":2096,"height":606,"caption":"Vida en Familia"},"image":{"@id":"https:\/\/www.vidaenfamilia.org\/ser-padres\/#\/schema\/logo\/image\/"},"sameAs":["https:\/\/www.facebook.com\/FamilyLifeEspanol\/","https:\/\/www.youtube.com\/channel\/UCbSaVUomQ-OO21t-OieGOMQ"]},{"@type":"Person","@id":"https:\/\/www.vidaenfamilia.org\/ser-padres\/#\/schema\/person\/df206a98a88222dac02c2729d28f5292","name":"jec1744@gmail.com","image":{"@type":"ImageObject","inLanguage":"es","@id":"https:\/\/www.vidaenfamilia.org\/ser-padres\/#\/schema\/person\/image\/","url":"https:\/\/secure.gravatar.com\/avatar\/354accaa5141cea8b651a9cf4e1d9a8fc277face97e73455c96fa3025f48aa99?s=96&d=mm&r=g","contentUrl":"https:\/\/secure.gravatar.com\/avatar\/354accaa5141cea8b651a9cf4e1d9a8fc277face97e73455c96fa3025f48aa99?s=96&d=mm&r=g","caption":"jec1744@gmail.com"},"url":"https:\/\/www.vidaenfamilia.org\/ser-padres\/author\/jec1744gmail-com\/"}]}},"jetpack_featured_media_url":"https:\/\/www.vidaenfamilia.org\/ser-padres\/wp-content\/uploads\/sites\/256\/2019\/12\/5-ways-my-parents-shaped-my-spiritual-life-1040x326-1.jpg","meta_box":{"_cloudsearch_visibility":""},"_links":{"self":[{"href":"https:\/\/www.vidaenfamilia.org\/ser-padres\/wp-json\/wp\/v2\/posts\/11642","targetHints":{"allow":["GET"]}}],"collection":[{"href":"https:\/\/www.vidaenfamilia.org\/ser-padres\/wp-json\/wp\/v2\/posts"}],"about":[{"href":"https:\/\/www.vidaenfamilia.org\/ser-padres\/wp-json\/wp\/v2\/types\/post"}],"author":[{"embeddable":true,"href":"https:\/\/www.vidaenfamilia.org\/ser-padres\/wp-json\/wp\/v2\/users\/26565"}],"replies":[{"embeddable":true,"href":"https:\/\/www.vidaenfamilia.org\/ser-padres\/wp-json\/wp\/v2\/comments?post=11642"}],"version-history":[{"count":2,"href":"https:\/\/www.vidaenfamilia.org\/ser-padres\/wp-json\/wp\/v2\/posts\/11642\/revisions"}],"predecessor-version":[{"id":12367,"href":"https:\/\/www.vidaenfamilia.org\/ser-padres\/wp-json\/wp\/v2\/posts\/11642\/revisions\/12367"}],"wp:featuredmedia":[{"embeddable":true,"href":"https:\/\/www.vidaenfamilia.org\/ser-padres\/wp-json\/wp\/v2\/media\/11644"}],"wp:attachment":[{"href":"https:\/\/www.vidaenfamilia.org\/ser-padres\/wp-json\/wp\/v2\/media?parent=11642"}],"wp:term":[{"taxonomy":"category","embeddable":true,"href":"https:\/\/www.vidaenfamilia.org\/ser-padres\/wp-json\/wp\/v2\/categories?post=11642"},{"taxonomy":"post_tag","embeddable":true,"href":"https:\/\/www.vidaenfamilia.org\/ser-padres\/wp-json\/wp\/v2\/tags?post=11642"}],"curies":[{"name":"wp","href":"https:\/\/api.w.org\/{rel}","templated":true}]}}