{"id":11636,"date":"2019-12-23T11:12:05","date_gmt":"2019-12-23T11:12:05","guid":{"rendered":"https:\/\/sites-stage.familylife.com\/arte-de-ser-padres\/?p=11636"},"modified":"2020-02-13T23:04:39","modified_gmt":"2020-02-13T23:04:39","slug":"recuerdos-que-unen-a-la-familia","status":"publish","type":"post","link":"https:\/\/www.vidaenfamilia.org\/ser-padres\/2019\/12\/23\/recuerdos-que-unen-a-la-familia\/","title":{"rendered":"Recuerdos que unen a la familia"},"content":{"rendered":"<p>\u201cMis ni\u00f1os me est\u00e1n volviendo loca\u201d, me dijo una joven madre de ni\u00f1os peque\u00f1os. \u201cMis m\u00e9todos disciplinarios no parecen funcionar. Mis ni\u00f1os son tan obstinados. Estoy frustrada. Ellos est\u00e1n frustrados. Algunos d\u00edas, <em>\u00a1ni siquiera me gustan mis ni\u00f1os!\u201d<\/em><\/p>\n<p>Estas son emociones honestas de una madre muy normal. Todos nos hemos sentido de esta Nunca olvidar\u00e9 cuando nos detuvimos en un mirador junto a la Autopista 36 a las afueras de Boulder, Colorado. B\u00e1rbara y yo est\u00e1bamos reci\u00e9n casados y nos dirig\u00edamos hacia nuestro peque\u00f1o apartamento en Boulder. Me estacion\u00e9 para mostrarle a B\u00e1rbara la vista de donde estar\u00eda nuestro nuevo hogar. En ese momento todo lo que ten\u00edamos eran los regalos de boda, el mismo apellido y un mont\u00f3n de experiencias acumuladas en pocos d\u00edas. \u00c9ramos una nueva familia.<\/p>\n<p>Adelant\u00e9monos unas d\u00e9cadas. Ahora nuestras paredes y estantes exhiben fotograf\u00edas y recuerdos de experiencias que hemos compartido juntos. Gracias a estos creadores de recuerdos y a B\u00e1rbara como cazadora de remembranzas, nuestra familia tiene huellas claras: Contamos con una identidad familiar \u00fanica entre seis mil millones de personas en el mundo.<\/p>\n<p>Los recuerdos son poderosas posesiones familiares que unen profundamente los corazones. T\u00fa y tu esposa necesitan con diligencia planear sus remembranzas (as\u00ed como disfrutar aquellas que llegan sorpresivamente) y tener un plan de acci\u00f3n para atrapar y hacer perdurar los recuerdos.<\/p>\n<p>Casi todo evento tiene potencial para convertirse en un preciado recuerdo. Te dar\u00e9 un ejemplo: Un fin de semana durante nuestras primeras semanas de vida matrimonial, B\u00e1rbara y yo decidimos conducir durante cuatro horas hacia Wyoming para ir de pesca. Cuando llegamos, descubrimos que hab\u00edan drenado el lago; as\u00ed que impulsivamente decidimos ir al parque nacional Yellowstone y ver la erupci\u00f3n del g\u00e9iser llamado Old Faithful. Ocho horas despu\u00e9s llegamos justo a tiempo para ver la erupci\u00f3n. Luego miramos nuestros relojes y nos dimos cuenta de que ya nos tocaba regresar a casa.<\/p>\n<p>Obviamente esa no es la mejor forma de visitar Yellowstone, pero pasamos un tiempo magn\u00edfico mientras conduc\u00edamos hablando y ri\u00e9ndonos. Hasta el d\u00eda de hoy, esa aventura permanece como un divertido recuerdo de nuestros primeros d\u00edas juntos cuando no ten\u00edamos hijos.<\/p>\n<p><strong>Construyendo recuerdos<\/strong><\/p>\n<p>Alguien dijo alguna vez: \u201cDios nos dio recuerdos para que pudi\u00e9ramos disfrutar rosas en enero\u201d. Perm\u00edteme compartir lo que he aprendido sobre c\u00f3mo crear un florero lleno de rosas de tallo largo en el invierno:<\/p>\n<p><strong><em>Los mejores recuerdos se construyen con los seres queridos<\/em><\/strong><strong>.<\/strong> Por eso es que el matrimonio es una unidad constru\u00edda y lista para una rica producci\u00f3n y cosecha de recuerdos. Los recuerdos enriquecen el matrimonio d\u00e1ndonos el lenguaje com\u00fan de las experiencias compartidas.<\/p>\n<p>Cuando nacieron nuestros hijos, nos aseguramos de aprovechar los viajes en auto para divertirnos y construir relaciones. Con frecuencia jug\u00e1bamos un juego llamado \u201cescarabajo, escarabajo\u201d, que consist\u00eda en encontrar Volkswagens escarabajos a lo largo de la ruta. Se ganaban puntos dependiendo del color o ubicaci\u00f3n del veh\u00edculo. Grit\u00e1bamos: \u201c\u00a1Escarabajo multicolor a la vista; cuatro puntos!\u201d<\/p>\n<p>Durante unas vacaciones, yo sab\u00eda que nos acerc\u00e1bamos a un dep\u00f3sito de chatarra que ten\u00eda por lo menos veinte Volskwagens. Cuando hicimos el giro, \u00a1yo estaba listo! Antes de que cayeran en cuenta, me gan\u00e9 como treinta puntos. Los chicos se quejaron y uno de ellos grit\u00f3: \u201c\u00a1Papi, eres un tramposo!\u201d \u00a1Qu\u00e9 divertido!<\/p>\n<p><strong><em>Construir recuerdos toma tiempo.<\/em><\/strong> Nuestros mejores recuerdos se han originado en los tiempos prolongados que pasamos juntos. Si hubi\u00e9ramos podido llegar al g\u00e9iser Old Faithful en treinta minutos, dudo que hoy lo recordar\u00edamos.<\/p>\n<p><strong><em>Los recuerdos est\u00e1n hechos de diversas aventuras.<\/em><\/strong> Muchos de nosotros entramos en la rutina y no nos damos cuenta de las muchas formas maravillosas de compartir en nuestras vidas. B\u00e1rbara y yo acampamos durante nuestra luna de miel; nos cay\u00f3 nieve y casi morimos congelados; pero yo \u201csalv\u00e9 el d\u00eda\u201d uniendo las cremalleras de nuestros sacos de dormir. Desde entonces hemos viajado a lo largo de casi todos los Estados Unidos y a sitios lejanos como Sud\u00e1frica, Kenia, Egipto, Austria, Israel, Francia y Estonia, entre otros.<\/p>\n<p><strong><em>Existen recuerdos que son planeados y otros que son sorpresivos.<\/em><\/strong> Aseg\u00farate de crear tradiciones cuando la familia se re\u00fane para las fiestas. Los aniversarios y los cumplea\u00f1os deben ser celebrados con la misma importancia que le damos a fiestas como Acci\u00f3n de Gracias o el D\u00eda de la Independencia. Al darle importancia a tu aniversario de bodas, no solo honras a tu pareja, sino que, tambi\u00e9n env\u00edas un fuerte mensaje a tu familia y allegados sobre la importancia de tu pacto matrimonial. La celebraci\u00f3n de los cumplea\u00f1os es el d\u00eda del a\u00f1o cuando cada homenajeado debe sentirse totalmente especial, honrado, apreciado y amado.<\/p>\n<p>Es bueno planear unas excelentes vacaciones. Los recuerdos se construyen mientras creamos tradiciones familiares; pero pon atenci\u00f3n a esos recuerdos \u00fanicos: En medio de una noche de invierno se fue la electricidad y terminamos cocinando la cena en la chimenea. No pierdas tus habilidades de espontaneidad e impulsividad.<\/p>\n<p><strong><em>Los recuerdos son para celebrar.<\/em><\/strong> Un recuerdo no es un recuerdo si no se habla acerca de \u00e9l; si no se miran las fotograf\u00edas, se r\u00ede o se llora con \u00e9l. \u201cRecuerdas cuando\u2026\u201d puede ser una alegre introducci\u00f3n para una conversaci\u00f3n familiar. Una de nuestras preguntas favoritas para visitar el pasado, como pareja o familia es: <em>\u201cSi pudieras guardar solo un recuerdo de todos nuestros a\u00f1os juntos, \u00bfcu\u00e1l ser\u00eda? \u00bfPor qu\u00e9?<\/em><\/p>\n<p><strong>Captura de recuerdos<\/strong><\/p>\n<p><strong>Estoy agradecido de que B\u00e1rbara se haya hecho la sanadora e historiadora de la familia. T\u00fa o tu esposa deben asumir ese papel; si no lo hacen, olvidar\u00e1n miles de recuerdos.<\/strong><\/p>\n<p>Un cierto n\u00famero de registros y documentos ayudan a que los recuerdos perduren. Tomar fotograf\u00edas o videos es una buena forma de hacerlo; pero tambi\u00e9n el guardar los programas de los conciertos, art\u00edculos del peri\u00f3dico y cualquier objeto que grabe y preserve el recuerdo. La creatividad abre la puerta a muchas posibilidades.<\/p>\n<p>Varios de los estantes en nuestra casa est\u00e1n dedicados a \u00e1lbumes familiares. La colecci\u00f3n empieza desde que \u00e9ramos solteros y luego contin\u00faa, desde 1972, con un \u00e1lbum para cada a\u00f1o. Cada p\u00e1gina \u00fanica e irremplazable registra la historia \u201coficial y autorizada\u201d de nuestros primeros a\u00f1os como matrimonio y de los recuerdos de nuestra familia.<\/p>\n<p>Y esto no se ha acabado:\u00a0 \u00a1Todav\u00eda constru\u00edmos recuerdos y hacemos \u00e1lbumes!<\/p>\n<hr \/>\n<p><em>Adaptado de Starting your Marriage Right [Comenzando bien tu matrimonio] <\/em><em>\u00a9 2000,<\/em><em> \u00a92019 Espa\u00f1ol.\u00a0 Dennis y B\u00e1rbara Rainey. Editorial Thomas Nelson.<\/em><\/p>\n","protected":false},"excerpt":{"rendered":"<p>Sus posesiones familiares m\u00e1s valiosas son las experiencias y recuerdos compartidos que unen sus corazones. <\/p>\n","protected":false},"author":26565,"featured_media":11637,"comment_status":"open","ping_status":"open","sticky":false,"template":"","format":"standard","meta":{"_acf_changed":false,"inline_featured_image":false,"fl_requires_login":false,"footnotes":""},"categories":[42],"tags":[],"class_list":["post-11636","post","type-post","status-publish","format-standard","has-post-thumbnail","hentry","category-construyendo-recuerdos"],"acf":[],"yoast_head":"<!-- This site is optimized with the Yoast SEO Premium plugin v18.3 (Yoast SEO v26.7) - https:\/\/yoast.com\/wordpress\/plugins\/seo\/ -->\n<title>Recuerdos que unen a la familia - El Arte de Ser Padres<\/title>\n<meta name=\"robots\" content=\"noindex, follow\" \/>\n<meta property=\"og:locale\" content=\"es_ES\" \/>\n<meta property=\"og:type\" content=\"article\" \/>\n<meta property=\"og:title\" content=\"Recuerdos que unen a la familia\" \/>\n<meta property=\"og:description\" content=\"Sus posesiones familiares m\u00e1s valiosas son las experiencias y recuerdos compartidos que unen sus corazones.\" \/>\n<meta property=\"og:url\" content=\"https:\/\/www.vidaenfamilia.org\/ser-padres\/2019\/12\/23\/recuerdos-que-unen-a-la-familia\/\" \/>\n<meta property=\"og:site_name\" content=\"El Arte de Ser Padres\" \/>\n<meta property=\"article:publisher\" content=\"https:\/\/www.facebook.com\/FamilyLifeEspanol\/\" \/>\n<meta property=\"article:published_time\" content=\"2019-12-23T11:12:05+00:00\" \/>\n<meta property=\"article:modified_time\" content=\"2020-02-13T23:04:39+00:00\" \/>\n<meta property=\"og:image\" content=\"https:\/\/www.vidaenfamilia.org\/ser-padres\/wp-content\/uploads\/sites\/256\/2019\/12\/memories-that-bind-a-family_1040x326.jpg\" \/>\n\t<meta property=\"og:image:width\" content=\"1040\" \/>\n\t<meta property=\"og:image:height\" content=\"326\" \/>\n\t<meta property=\"og:image:type\" content=\"image\/jpeg\" \/>\n<meta name=\"author\" content=\"jec1744@gmail.com\" \/>\n<meta name=\"twitter:card\" content=\"summary_large_image\" \/>\n<meta name=\"twitter:label1\" content=\"Escrito por\" \/>\n\t<meta name=\"twitter:data1\" content=\"jec1744@gmail.com\" \/>\n\t<meta name=\"twitter:label2\" content=\"Tiempo de lectura\" \/>\n\t<meta name=\"twitter:data2\" content=\"6 minutos\" \/>\n<script type=\"application\/ld+json\" class=\"yoast-schema-graph\">{\"@context\":\"https:\/\/schema.org\",\"@graph\":[{\"@type\":\"Article\",\"@id\":\"https:\/\/www.vidaenfamilia.org\/ser-padres\/2019\/12\/23\/recuerdos-que-unen-a-la-familia\/#article\",\"isPartOf\":{\"@id\":\"https:\/\/www.vidaenfamilia.org\/ser-padres\/2019\/12\/23\/recuerdos-que-unen-a-la-familia\/\"},\"author\":{\"name\":\"jec1744@gmail.com\",\"@id\":\"https:\/\/www.vidaenfamilia.org\/ser-padres\/#\/schema\/person\/df206a98a88222dac02c2729d28f5292\"},\"headline\":\"Recuerdos que unen a la familia\",\"datePublished\":\"2019-12-23T11:12:05+00:00\",\"dateModified\":\"2020-02-13T23:04:39+00:00\",\"mainEntityOfPage\":{\"@id\":\"https:\/\/www.vidaenfamilia.org\/ser-padres\/2019\/12\/23\/recuerdos-que-unen-a-la-familia\/\"},\"wordCount\":1152,\"commentCount\":0,\"publisher\":{\"@id\":\"https:\/\/www.vidaenfamilia.org\/ser-padres\/#organization\"},\"image\":{\"@id\":\"https:\/\/www.vidaenfamilia.org\/ser-padres\/2019\/12\/23\/recuerdos-que-unen-a-la-familia\/#primaryimage\"},\"thumbnailUrl\":\"https:\/\/www.vidaenfamilia.org\/ser-padres\/wp-content\/uploads\/sites\/256\/2019\/12\/memories-that-bind-a-family_1040x326.jpg\",\"articleSection\":[\"Construyendo recuerdos\"],\"inLanguage\":\"es\",\"potentialAction\":[{\"@type\":\"CommentAction\",\"name\":\"Comment\",\"target\":[\"https:\/\/www.vidaenfamilia.org\/ser-padres\/2019\/12\/23\/recuerdos-que-unen-a-la-familia\/#respond\"]}]},{\"@type\":\"WebPage\",\"@id\":\"https:\/\/www.vidaenfamilia.org\/ser-padres\/2019\/12\/23\/recuerdos-que-unen-a-la-familia\/\",\"url\":\"https:\/\/www.vidaenfamilia.org\/ser-padres\/2019\/12\/23\/recuerdos-que-unen-a-la-familia\/\",\"name\":\"Recuerdos que unen a la familia - El Arte de Ser Padres\",\"isPartOf\":{\"@id\":\"https:\/\/www.vidaenfamilia.org\/ser-padres\/#website\"},\"primaryImageOfPage\":{\"@id\":\"https:\/\/www.vidaenfamilia.org\/ser-padres\/2019\/12\/23\/recuerdos-que-unen-a-la-familia\/#primaryimage\"},\"image\":{\"@id\":\"https:\/\/www.vidaenfamilia.org\/ser-padres\/2019\/12\/23\/recuerdos-que-unen-a-la-familia\/#primaryimage\"},\"thumbnailUrl\":\"https:\/\/www.vidaenfamilia.org\/ser-padres\/wp-content\/uploads\/sites\/256\/2019\/12\/memories-that-bind-a-family_1040x326.jpg\",\"datePublished\":\"2019-12-23T11:12:05+00:00\",\"dateModified\":\"2020-02-13T23:04:39+00:00\",\"breadcrumb\":{\"@id\":\"https:\/\/www.vidaenfamilia.org\/ser-padres\/2019\/12\/23\/recuerdos-que-unen-a-la-familia\/#breadcrumb\"},\"inLanguage\":\"es\",\"potentialAction\":[{\"@type\":\"ReadAction\",\"target\":[\"https:\/\/www.vidaenfamilia.org\/ser-padres\/2019\/12\/23\/recuerdos-que-unen-a-la-familia\/\"]}]},{\"@type\":\"ImageObject\",\"inLanguage\":\"es\",\"@id\":\"https:\/\/www.vidaenfamilia.org\/ser-padres\/2019\/12\/23\/recuerdos-que-unen-a-la-familia\/#primaryimage\",\"url\":\"https:\/\/www.vidaenfamilia.org\/ser-padres\/wp-content\/uploads\/sites\/256\/2019\/12\/memories-that-bind-a-family_1040x326.jpg\",\"contentUrl\":\"https:\/\/www.vidaenfamilia.org\/ser-padres\/wp-content\/uploads\/sites\/256\/2019\/12\/memories-that-bind-a-family_1040x326.jpg\",\"width\":1040,\"height\":326},{\"@type\":\"BreadcrumbList\",\"@id\":\"https:\/\/www.vidaenfamilia.org\/ser-padres\/2019\/12\/23\/recuerdos-que-unen-a-la-familia\/#breadcrumb\",\"itemListElement\":[{\"@type\":\"ListItem\",\"position\":1,\"name\":\"Home\",\"item\":\"https:\/\/www.vidaenfamilia.org\/ser-padres\/\"},{\"@type\":\"ListItem\",\"position\":2,\"name\":\"Recuerdos que unen a la familia\"}]},{\"@type\":\"WebSite\",\"@id\":\"https:\/\/www.vidaenfamilia.org\/ser-padres\/#website\",\"url\":\"https:\/\/www.vidaenfamilia.org\/ser-padres\/\",\"name\":\"El Arte de Ser Padres\",\"description\":\"Just another FamilyLife Sites site\",\"publisher\":{\"@id\":\"https:\/\/www.vidaenfamilia.org\/ser-padres\/#organization\"},\"potentialAction\":[{\"@type\":\"SearchAction\",\"target\":{\"@type\":\"EntryPoint\",\"urlTemplate\":\"https:\/\/www.vidaenfamilia.org\/ser-padres\/?s={search_term_string}\"},\"query-input\":{\"@type\":\"PropertyValueSpecification\",\"valueRequired\":true,\"valueName\":\"search_term_string\"}}],\"inLanguage\":\"es\"},{\"@type\":\"Organization\",\"@id\":\"https:\/\/www.vidaenfamilia.org\/ser-padres\/#organization\",\"name\":\"Vida en Familia\",\"url\":\"https:\/\/www.vidaenfamilia.org\/ser-padres\/\",\"logo\":{\"@type\":\"ImageObject\",\"inLanguage\":\"es\",\"@id\":\"https:\/\/www.vidaenfamilia.org\/ser-padres\/#\/schema\/logo\/image\/\",\"url\":\"https:\/\/www.vidaenfamilia.org\/ser-padres\/wp-content\/uploads\/sites\/256\/2019\/09\/AOP_Logo.png\",\"contentUrl\":\"https:\/\/www.vidaenfamilia.org\/ser-padres\/wp-content\/uploads\/sites\/256\/2019\/09\/AOP_Logo.png\",\"width\":2096,\"height\":606,\"caption\":\"Vida en Familia\"},\"image\":{\"@id\":\"https:\/\/www.vidaenfamilia.org\/ser-padres\/#\/schema\/logo\/image\/\"},\"sameAs\":[\"https:\/\/www.facebook.com\/FamilyLifeEspanol\/\",\"https:\/\/www.youtube.com\/channel\/UCbSaVUomQ-OO21t-OieGOMQ\"]},{\"@type\":\"Person\",\"@id\":\"https:\/\/www.vidaenfamilia.org\/ser-padres\/#\/schema\/person\/df206a98a88222dac02c2729d28f5292\",\"name\":\"jec1744@gmail.com\",\"image\":{\"@type\":\"ImageObject\",\"inLanguage\":\"es\",\"@id\":\"https:\/\/www.vidaenfamilia.org\/ser-padres\/#\/schema\/person\/image\/\",\"url\":\"https:\/\/secure.gravatar.com\/avatar\/354accaa5141cea8b651a9cf4e1d9a8fc277face97e73455c96fa3025f48aa99?s=96&d=mm&r=g\",\"contentUrl\":\"https:\/\/secure.gravatar.com\/avatar\/354accaa5141cea8b651a9cf4e1d9a8fc277face97e73455c96fa3025f48aa99?s=96&d=mm&r=g\",\"caption\":\"jec1744@gmail.com\"},\"url\":\"https:\/\/www.vidaenfamilia.org\/ser-padres\/author\/jec1744gmail-com\/\"}]}<\/script>\n<!-- \/ Yoast SEO Premium plugin. -->","yoast_head_json":{"title":"Recuerdos que unen a la familia - El Arte de Ser Padres","robots":{"index":"noindex","follow":"follow"},"og_locale":"es_ES","og_type":"article","og_title":"Recuerdos que unen a la familia","og_description":"Sus posesiones familiares m\u00e1s valiosas son las experiencias y recuerdos compartidos que unen sus corazones.","og_url":"https:\/\/www.vidaenfamilia.org\/ser-padres\/2019\/12\/23\/recuerdos-que-unen-a-la-familia\/","og_site_name":"El Arte de Ser Padres","article_publisher":"https:\/\/www.facebook.com\/FamilyLifeEspanol\/","article_published_time":"2019-12-23T11:12:05+00:00","article_modified_time":"2020-02-13T23:04:39+00:00","og_image":[{"width":1040,"height":326,"url":"https:\/\/www.vidaenfamilia.org\/ser-padres\/wp-content\/uploads\/sites\/256\/2019\/12\/memories-that-bind-a-family_1040x326.jpg","type":"image\/jpeg"}],"author":"jec1744@gmail.com","twitter_card":"summary_large_image","twitter_misc":{"Escrito por":"jec1744@gmail.com","Tiempo de lectura":"6 minutos"},"schema":{"@context":"https:\/\/schema.org","@graph":[{"@type":"Article","@id":"https:\/\/www.vidaenfamilia.org\/ser-padres\/2019\/12\/23\/recuerdos-que-unen-a-la-familia\/#article","isPartOf":{"@id":"https:\/\/www.vidaenfamilia.org\/ser-padres\/2019\/12\/23\/recuerdos-que-unen-a-la-familia\/"},"author":{"name":"jec1744@gmail.com","@id":"https:\/\/www.vidaenfamilia.org\/ser-padres\/#\/schema\/person\/df206a98a88222dac02c2729d28f5292"},"headline":"Recuerdos que unen a la familia","datePublished":"2019-12-23T11:12:05+00:00","dateModified":"2020-02-13T23:04:39+00:00","mainEntityOfPage":{"@id":"https:\/\/www.vidaenfamilia.org\/ser-padres\/2019\/12\/23\/recuerdos-que-unen-a-la-familia\/"},"wordCount":1152,"commentCount":0,"publisher":{"@id":"https:\/\/www.vidaenfamilia.org\/ser-padres\/#organization"},"image":{"@id":"https:\/\/www.vidaenfamilia.org\/ser-padres\/2019\/12\/23\/recuerdos-que-unen-a-la-familia\/#primaryimage"},"thumbnailUrl":"https:\/\/www.vidaenfamilia.org\/ser-padres\/wp-content\/uploads\/sites\/256\/2019\/12\/memories-that-bind-a-family_1040x326.jpg","articleSection":["Construyendo recuerdos"],"inLanguage":"es","potentialAction":[{"@type":"CommentAction","name":"Comment","target":["https:\/\/www.vidaenfamilia.org\/ser-padres\/2019\/12\/23\/recuerdos-que-unen-a-la-familia\/#respond"]}]},{"@type":"WebPage","@id":"https:\/\/www.vidaenfamilia.org\/ser-padres\/2019\/12\/23\/recuerdos-que-unen-a-la-familia\/","url":"https:\/\/www.vidaenfamilia.org\/ser-padres\/2019\/12\/23\/recuerdos-que-unen-a-la-familia\/","name":"Recuerdos que unen a la familia - El Arte de Ser Padres","isPartOf":{"@id":"https:\/\/www.vidaenfamilia.org\/ser-padres\/#website"},"primaryImageOfPage":{"@id":"https:\/\/www.vidaenfamilia.org\/ser-padres\/2019\/12\/23\/recuerdos-que-unen-a-la-familia\/#primaryimage"},"image":{"@id":"https:\/\/www.vidaenfamilia.org\/ser-padres\/2019\/12\/23\/recuerdos-que-unen-a-la-familia\/#primaryimage"},"thumbnailUrl":"https:\/\/www.vidaenfamilia.org\/ser-padres\/wp-content\/uploads\/sites\/256\/2019\/12\/memories-that-bind-a-family_1040x326.jpg","datePublished":"2019-12-23T11:12:05+00:00","dateModified":"2020-02-13T23:04:39+00:00","breadcrumb":{"@id":"https:\/\/www.vidaenfamilia.org\/ser-padres\/2019\/12\/23\/recuerdos-que-unen-a-la-familia\/#breadcrumb"},"inLanguage":"es","potentialAction":[{"@type":"ReadAction","target":["https:\/\/www.vidaenfamilia.org\/ser-padres\/2019\/12\/23\/recuerdos-que-unen-a-la-familia\/"]}]},{"@type":"ImageObject","inLanguage":"es","@id":"https:\/\/www.vidaenfamilia.org\/ser-padres\/2019\/12\/23\/recuerdos-que-unen-a-la-familia\/#primaryimage","url":"https:\/\/www.vidaenfamilia.org\/ser-padres\/wp-content\/uploads\/sites\/256\/2019\/12\/memories-that-bind-a-family_1040x326.jpg","contentUrl":"https:\/\/www.vidaenfamilia.org\/ser-padres\/wp-content\/uploads\/sites\/256\/2019\/12\/memories-that-bind-a-family_1040x326.jpg","width":1040,"height":326},{"@type":"BreadcrumbList","@id":"https:\/\/www.vidaenfamilia.org\/ser-padres\/2019\/12\/23\/recuerdos-que-unen-a-la-familia\/#breadcrumb","itemListElement":[{"@type":"ListItem","position":1,"name":"Home","item":"https:\/\/www.vidaenfamilia.org\/ser-padres\/"},{"@type":"ListItem","position":2,"name":"Recuerdos que unen a la familia"}]},{"@type":"WebSite","@id":"https:\/\/www.vidaenfamilia.org\/ser-padres\/#website","url":"https:\/\/www.vidaenfamilia.org\/ser-padres\/","name":"El Arte de Ser Padres","description":"Just another FamilyLife Sites site","publisher":{"@id":"https:\/\/www.vidaenfamilia.org\/ser-padres\/#organization"},"potentialAction":[{"@type":"SearchAction","target":{"@type":"EntryPoint","urlTemplate":"https:\/\/www.vidaenfamilia.org\/ser-padres\/?s={search_term_string}"},"query-input":{"@type":"PropertyValueSpecification","valueRequired":true,"valueName":"search_term_string"}}],"inLanguage":"es"},{"@type":"Organization","@id":"https:\/\/www.vidaenfamilia.org\/ser-padres\/#organization","name":"Vida en Familia","url":"https:\/\/www.vidaenfamilia.org\/ser-padres\/","logo":{"@type":"ImageObject","inLanguage":"es","@id":"https:\/\/www.vidaenfamilia.org\/ser-padres\/#\/schema\/logo\/image\/","url":"https:\/\/www.vidaenfamilia.org\/ser-padres\/wp-content\/uploads\/sites\/256\/2019\/09\/AOP_Logo.png","contentUrl":"https:\/\/www.vidaenfamilia.org\/ser-padres\/wp-content\/uploads\/sites\/256\/2019\/09\/AOP_Logo.png","width":2096,"height":606,"caption":"Vida en Familia"},"image":{"@id":"https:\/\/www.vidaenfamilia.org\/ser-padres\/#\/schema\/logo\/image\/"},"sameAs":["https:\/\/www.facebook.com\/FamilyLifeEspanol\/","https:\/\/www.youtube.com\/channel\/UCbSaVUomQ-OO21t-OieGOMQ"]},{"@type":"Person","@id":"https:\/\/www.vidaenfamilia.org\/ser-padres\/#\/schema\/person\/df206a98a88222dac02c2729d28f5292","name":"jec1744@gmail.com","image":{"@type":"ImageObject","inLanguage":"es","@id":"https:\/\/www.vidaenfamilia.org\/ser-padres\/#\/schema\/person\/image\/","url":"https:\/\/secure.gravatar.com\/avatar\/354accaa5141cea8b651a9cf4e1d9a8fc277face97e73455c96fa3025f48aa99?s=96&d=mm&r=g","contentUrl":"https:\/\/secure.gravatar.com\/avatar\/354accaa5141cea8b651a9cf4e1d9a8fc277face97e73455c96fa3025f48aa99?s=96&d=mm&r=g","caption":"jec1744@gmail.com"},"url":"https:\/\/www.vidaenfamilia.org\/ser-padres\/author\/jec1744gmail-com\/"}]}},"jetpack_featured_media_url":"https:\/\/www.vidaenfamilia.org\/ser-padres\/wp-content\/uploads\/sites\/256\/2019\/12\/memories-that-bind-a-family_1040x326.jpg","meta_box":{"_cloudsearch_visibility":""},"_links":{"self":[{"href":"https:\/\/www.vidaenfamilia.org\/ser-padres\/wp-json\/wp\/v2\/posts\/11636","targetHints":{"allow":["GET"]}}],"collection":[{"href":"https:\/\/www.vidaenfamilia.org\/ser-padres\/wp-json\/wp\/v2\/posts"}],"about":[{"href":"https:\/\/www.vidaenfamilia.org\/ser-padres\/wp-json\/wp\/v2\/types\/post"}],"author":[{"embeddable":true,"href":"https:\/\/www.vidaenfamilia.org\/ser-padres\/wp-json\/wp\/v2\/users\/26565"}],"replies":[{"embeddable":true,"href":"https:\/\/www.vidaenfamilia.org\/ser-padres\/wp-json\/wp\/v2\/comments?post=11636"}],"version-history":[{"count":1,"href":"https:\/\/www.vidaenfamilia.org\/ser-padres\/wp-json\/wp\/v2\/posts\/11636\/revisions"}],"predecessor-version":[{"id":12361,"href":"https:\/\/www.vidaenfamilia.org\/ser-padres\/wp-json\/wp\/v2\/posts\/11636\/revisions\/12361"}],"wp:featuredmedia":[{"embeddable":true,"href":"https:\/\/www.vidaenfamilia.org\/ser-padres\/wp-json\/wp\/v2\/media\/11637"}],"wp:attachment":[{"href":"https:\/\/www.vidaenfamilia.org\/ser-padres\/wp-json\/wp\/v2\/media?parent=11636"}],"wp:term":[{"taxonomy":"category","embeddable":true,"href":"https:\/\/www.vidaenfamilia.org\/ser-padres\/wp-json\/wp\/v2\/categories?post=11636"},{"taxonomy":"post_tag","embeddable":true,"href":"https:\/\/www.vidaenfamilia.org\/ser-padres\/wp-json\/wp\/v2\/tags?post=11636"}],"curies":[{"name":"wp","href":"https:\/\/api.w.org\/{rel}","templated":true}]}}