{"id":10860,"date":"2019-11-11T09:50:56","date_gmt":"2019-11-11T09:50:56","guid":{"rendered":"https:\/\/sites-stage.familylife.com\/arte-de-ser-padres\/?p=10860"},"modified":"2020-04-17T15:28:46","modified_gmt":"2020-04-17T15:28:46","slug":"si-pudiera-ser-una-mama-joven-nuevamente","status":"publish","type":"post","link":"https:\/\/www.vidaenfamilia.org\/ser-padres\/2019\/11\/11\/si-pudiera-ser-una-mama-joven-nuevamente\/","title":{"rendered":"Si pudiera ser una mam\u00e1 joven nuevamente"},"content":{"rendered":"<p>Recientemente mientras miraba a nuestro nieto de 2 a\u00f1os durmiendo, pens\u00e9, <em>\u00a1Te ves igual a como se ve\u00eda tu pap\u00e1!<\/em><\/p>\n<p>Parece como si fuera ayer cuando nuestro hijo adulto era un p\u00e1rvulo; y yo era la joven mam\u00e1 que lo cuidaba durante su siesta de mediod\u00eda.<\/p>\n<p>A veces me pregunto, <em>\u00bfQu\u00e9 har\u00eda en forma distinta si pudiera de alg\u00fan modo ser esa madre joven nuevamente \u2026 sabiendo ahora lo que me ha tomado d\u00e9cadas aprender?<\/em><\/p>\n<p>Bueno, creo que bajar\u00eda mi ritmo de vida y me involucrar\u00eda menos en actividades externas a la familia. Organizar\u00eda m\u00e1s noches familiares en las que simplemente estuvi\u00e9ramos juntos sin ninguna tarea espec\u00edfica para cumplir. Jugar\u00eda m\u00e1s juegos y nos sentar\u00edamos en la terraza m\u00e1s a menudo como familia, observando las estrellas fugaces o las luci\u00e9rnagas en la oscuridad. Har\u00eda m\u00e1s preguntas porque reconocer\u00eda que el pecado es la inclinaci\u00f3n natural de todo ni\u00f1o hasta que conozca a Jes\u00fas personalmente.<\/p>\n<p>Le pregunt\u00e9 a otras abuelas qu\u00e9 cambiar\u00edan, si pudieran de alg\u00fan modo\u00a0 retroceder en el tiempo y ser madres j\u00f3venes nuevamente. Esto es lo que dijeron:<\/p>\n<p><em>Habr\u00eda destinado m\u00e1s tiempo sin remordimiento alguno para estar con mis ni\u00f1os tirados en el pasto, buscando nubes con forma de animales, jugando juegos de mesa en los d\u00edas de lluvia o causando un desastre al crear una obra de arte en la cocina. Esos son los momentos que recuerdo y no cu\u00e1n limpia estaba la tina.<\/em><\/p>\n<p>*****<\/p>\n<p><em>Hubiera hecho m\u00e1s conexiones entre mis hijos y sus abuelos. Mirando atr\u00e1s, habr\u00eda dado mayor prioridad a hacer el viaje a la casa de la abuelita. Los abuelos pueden a\u00f1adir a la perspectiva del mundo que los ni\u00f1os han recibido de sus padres, sencillamente porque tienen otras experiencias de vida.<\/em><\/p>\n<p><em>*****<\/em><\/p>\n<p><em>Quisiera haberles ense\u00f1ado a mis hijos m\u00e1s acerca de su herencia \u2026 para ayudarles a ver que lo que han llegado a ser es el resultado, en parte, de la vida de sus parientes antes de ellos. Hay mucho m\u00e1s por conocer que simplemente saber de d\u00f3nde son sus antepasados. \u00bfC\u00f3mo era la vida en un pa\u00eds en particular, o en tal vecindario o en tal hogar? Creo que si hubiera estudiado mejor a mis padres, habr\u00eda estado m\u00e1s capacitada para contarle a mis hijos acerca de ellos. Por ejemplo, apenas poco antes de que falleciera mi padre, me enter\u00e9 de que a \u00e9l le encantaba cantar cuando era ni\u00f1o y joven, y que perteneci\u00f3 a un coro a cappella durante todos sus a\u00f1os escolares. Esto me dio un nuevo entendimiento de \u00e9l; un ancianito que siempre estaba tarareando o escuchando m\u00fasica. Hay mucha m\u00e1s profundidad en mis padres que se perder\u00e1 para siempre porque yo no le puse m\u00e1s valor en conocer sus experiencias.<\/em><\/p>\n<p><em>*****<\/em><\/p>\n<p><em>Me detendr\u00eda y les leer\u00eda mucho m\u00e1s a menudo y disfrutar\u00eda de los momentos simples, como cuidar un jard\u00edn, en vez de frustrarme por tales intrusiones en mi lista de quehaceres.<\/em><\/p>\n<p><em>*****<\/em><\/p>\n<p><em>Les compartir\u00eda el amor del Se\u00f1or y no s\u00f3lo las reglas de buena conducta. Creo que a menudo confund\u00ed la conducta complaciente con el entendimiento.<\/em><\/p>\n<p><em>*****<\/em><\/p>\n<p><em>Quisiera haberme relajado y disfrutado m\u00e1s a mis hijitos, en vez de tratar de hacer que todo sea \u201cperfecto\u201d para ellos. \u00a1Los a\u00f1os pasan muy r\u00e1pido!<\/em><\/p>\n<p><em>*****<\/em><\/p>\n<p><em>Orar\u00eda en forma m\u00e1s espec\u00edfica por el desarrollo de su car\u00e1cter y su comprensi\u00f3n del Se\u00f1or, y no tan s\u00f3lo por la mano del Se\u00f1or en las situaciones de crisis.<\/em><\/p>\n<p><em>*****<\/em><\/p>\n<p><em>Invertir\u00eda m\u00e1s tiempo en aprender c\u00f3mo ser un mejor mayordomo de mi tiempo y mi dinero, para as\u00ed poder ense\u00f1ar a mis hijos a ser mejores mayordomos.<\/em><\/p>\n<p><em>*****<\/em><\/p>\n<p><em>Pasar\u00eda m\u00e1s tiempo leyendo la Biblia y orando. Como mam\u00e1 joven, a veces estaba demasiado ocupada con los quehaceres del hogar y de la familia, y s\u00f3lo me encontraba con Dios al final del d\u00eda cuando ya estaba demasiado cansada para concentrarme.<\/em><\/p>\n<p><em>*****<\/em><\/p>\n<p><em>Tendr\u00eda m\u00e1s tiempo a solas con cada uno de los ni\u00f1os, tomando paseos por la ciudad o el estado, simplemente para hacer memorias especiales.<\/em><\/p>\n<p><em>*****<\/em><\/p>\n<p><em>Los incluir\u00eda en actividades de voluntariado en la ciudad, y darles a conocer acerca de las cosas que nosotros podemos hacer para ayudar a otros. Tambi\u00e9n les pedir\u00eda que me acompa\u00f1aran a preparar y entregar alimentos y manualidades para aquellos que tienen dificultad en salir de casa, los enfermos y los menos afortunados que nosotros.<\/em><\/p>\n<p><em>*****<\/em><\/p>\n<p><em>Me dar\u00eda el permiso de usar diferentes m\u00e9todos con cada hijo. Yo pensaba que al usar el mismo m\u00e9todo con todos, estaba siendo justa y no mostraba favoritismo. Sin embargo, he aprendido que cada hijo es \u00fanico y que maduran a diferentes edades. De modo que las mejores reglas para uno no son necesariamente las mejores reglas para el otro (por ejemplo la edad para empezar a tener citas, aprender a manejar, los tiempos de llegada, etc.) Las reglas necesitan ser adaptables de acuerdo a la madurez de cada hijo y a su habilidad de aceptar responsabilidades.<\/em><\/p>\n<p><em>*****<\/em><\/p>\n<p><em>Ser\u00eda paciente y construir\u00eda m\u00e1s recuerdos agradables con mis ni\u00f1os para que ellos no s\u00f3lo recordaran todas las las veces que yo estaba apurada, enojada, infeliz o descontenta. Al contrario, que recordaran una mam\u00e1 que era paciente, bondadosa y amorosa con ellos.<\/em><\/p>\n<p><em>*****<\/em><\/p>\n<p><em>Durante los a\u00f1os de adolescencia cuando lidiaba con faltas de respeto o ser ignorada, permit\u00ed que estas actitudes me ahogaran. Quisiera haber entrado a sus rec\u00e1maras a la hora de ir a dormir y haberles dicho cu\u00e1nto los amaba, haberles preguntado c\u00f3mo pod\u00eda orar por ellos y haberlos abrazado.<\/em><\/p>\n<p><em>*****<\/em><\/p>\n<p><em>Habr\u00eda tenido m\u00e1s humor en mi casa. El humor es como la harina en una receta: lo une todo.<\/em><\/p>\n<p><em>\u00a1Dios deveras le ense\u00f1a mucho a las madres mientras cr\u00edan a sus hijos!<\/em><\/p>\n<p><em>Aunque es imposible que una abuela vuelva atr\u00e1s en el tiempo para criar nuevamente a sus hijos adultos\u2026 mam\u00e1s j\u00f3venes: \u00a1Aprovechen que est\u00e1n criando a sus hijos ahora!<\/em><\/p>\n<p><em>Como sugiri\u00f3 una abuela: \u201cCorre y juega con tus ni\u00f1os. Se una ni\u00f1a de nuevo. El desorden de la casa estar\u00e1 esper\u00e1ndote ma\u00f1ana, pero tus hijos pronto se ir\u00e1n.\u201d<\/em><\/p>\n<p><em>\u201cEscucha el consejo y acepta la correcci\u00f3n, y llegar\u00e1s a ser sabio.\u201d \u2014Proverbios 19:20 (NVI)<\/em><\/p>\n<p><em>*Muchas gracias a Arlene, Betty, Carole, Judi, Judy, Karen, Kathy F., Kathy H, Linda, Margo, Mary D., Mary S., Mary T., Rita, Toni<\/em><\/p>\n<hr \/>\n<p><em>Copyright \u00a9 2010 por FamilyLife. Todos los derechos reservados.<\/em><\/p>\n","protected":false},"excerpt":{"rendered":"<p>Algunas abuelas comparten lo que cambiar\u00edan si fueran mam\u00e1s j\u00f3venes de nuevo.<\/p>\n","protected":false},"author":26565,"featured_media":10861,"comment_status":"open","ping_status":"open","sticky":false,"template":"","format":"standard","meta":{"_acf_changed":false,"inline_featured_image":false,"fl_requires_login":false,"footnotes":""},"categories":[36],"tags":[],"class_list":["post-10860","post","type-post","status-publish","format-standard","has-post-thumbnail","hentry","category-madres"],"acf":[],"yoast_head":"<!-- This site is optimized with the Yoast SEO Premium plugin v18.3 (Yoast SEO v26.7) - https:\/\/yoast.com\/wordpress\/plugins\/seo\/ -->\n<title>Si pudiera ser una mam\u00e1 joven nuevamente - El Arte de Ser Padres<\/title>\n<meta name=\"robots\" content=\"noindex, follow\" \/>\n<meta property=\"og:locale\" content=\"es_ES\" \/>\n<meta property=\"og:type\" content=\"article\" \/>\n<meta property=\"og:title\" content=\"Si pudiera ser una mam\u00e1 joven nuevamente\" \/>\n<meta property=\"og:description\" content=\"Algunas abuelas comparten lo que cambiar\u00edan si fueran mam\u00e1s j\u00f3venes de nuevo.\" \/>\n<meta property=\"og:url\" content=\"https:\/\/www.vidaenfamilia.org\/ser-padres\/2019\/11\/11\/si-pudiera-ser-una-mama-joven-nuevamente\/\" \/>\n<meta property=\"og:site_name\" content=\"El Arte de Ser Padres\" \/>\n<meta property=\"article:publisher\" content=\"https:\/\/www.facebook.com\/FamilyLifeEspanol\/\" \/>\n<meta property=\"article:published_time\" content=\"2019-11-11T09:50:56+00:00\" \/>\n<meta property=\"article:modified_time\" content=\"2020-04-17T15:28:46+00:00\" \/>\n<meta property=\"og:image\" content=\"https:\/\/www.vidaenfamilia.org\/ser-padres\/wp-content\/uploads\/sites\/256\/2019\/11\/if-i-could-be-a-young-mom-again-1040x326-1024x321-1.jpg\" \/>\n\t<meta property=\"og:image:width\" content=\"1024\" \/>\n\t<meta property=\"og:image:height\" content=\"321\" \/>\n\t<meta property=\"og:image:type\" content=\"image\/jpeg\" \/>\n<meta name=\"author\" content=\"jec1744@gmail.com\" \/>\n<meta name=\"twitter:card\" content=\"summary_large_image\" \/>\n<meta name=\"twitter:label1\" content=\"Escrito por\" \/>\n\t<meta name=\"twitter:data1\" content=\"jec1744@gmail.com\" \/>\n\t<meta name=\"twitter:label2\" content=\"Tiempo de lectura\" \/>\n\t<meta name=\"twitter:data2\" content=\"6 minutos\" \/>\n<script type=\"application\/ld+json\" class=\"yoast-schema-graph\">{\"@context\":\"https:\/\/schema.org\",\"@graph\":[{\"@type\":\"Article\",\"@id\":\"https:\/\/www.vidaenfamilia.org\/ser-padres\/2019\/11\/11\/si-pudiera-ser-una-mama-joven-nuevamente\/#article\",\"isPartOf\":{\"@id\":\"https:\/\/www.vidaenfamilia.org\/ser-padres\/2019\/11\/11\/si-pudiera-ser-una-mama-joven-nuevamente\/\"},\"author\":{\"name\":\"jec1744@gmail.com\",\"@id\":\"https:\/\/www.vidaenfamilia.org\/ser-padres\/#\/schema\/person\/df206a98a88222dac02c2729d28f5292\"},\"headline\":\"Si pudiera ser una mam\u00e1 joven nuevamente\",\"datePublished\":\"2019-11-11T09:50:56+00:00\",\"dateModified\":\"2020-04-17T15:28:46+00:00\",\"mainEntityOfPage\":{\"@id\":\"https:\/\/www.vidaenfamilia.org\/ser-padres\/2019\/11\/11\/si-pudiera-ser-una-mama-joven-nuevamente\/\"},\"wordCount\":1149,\"commentCount\":0,\"publisher\":{\"@id\":\"https:\/\/www.vidaenfamilia.org\/ser-padres\/#organization\"},\"image\":{\"@id\":\"https:\/\/www.vidaenfamilia.org\/ser-padres\/2019\/11\/11\/si-pudiera-ser-una-mama-joven-nuevamente\/#primaryimage\"},\"thumbnailUrl\":\"https:\/\/www.vidaenfamilia.org\/ser-padres\/wp-content\/uploads\/sites\/256\/2019\/11\/if-i-could-be-a-young-mom-again-1040x326-1024x321-1.jpg\",\"articleSection\":[\"Madres\"],\"inLanguage\":\"es\",\"potentialAction\":[{\"@type\":\"CommentAction\",\"name\":\"Comment\",\"target\":[\"https:\/\/www.vidaenfamilia.org\/ser-padres\/2019\/11\/11\/si-pudiera-ser-una-mama-joven-nuevamente\/#respond\"]}]},{\"@type\":\"WebPage\",\"@id\":\"https:\/\/www.vidaenfamilia.org\/ser-padres\/2019\/11\/11\/si-pudiera-ser-una-mama-joven-nuevamente\/\",\"url\":\"https:\/\/www.vidaenfamilia.org\/ser-padres\/2019\/11\/11\/si-pudiera-ser-una-mama-joven-nuevamente\/\",\"name\":\"Si pudiera ser una mam\u00e1 joven nuevamente - El Arte de Ser Padres\",\"isPartOf\":{\"@id\":\"https:\/\/www.vidaenfamilia.org\/ser-padres\/#website\"},\"primaryImageOfPage\":{\"@id\":\"https:\/\/www.vidaenfamilia.org\/ser-padres\/2019\/11\/11\/si-pudiera-ser-una-mama-joven-nuevamente\/#primaryimage\"},\"image\":{\"@id\":\"https:\/\/www.vidaenfamilia.org\/ser-padres\/2019\/11\/11\/si-pudiera-ser-una-mama-joven-nuevamente\/#primaryimage\"},\"thumbnailUrl\":\"https:\/\/www.vidaenfamilia.org\/ser-padres\/wp-content\/uploads\/sites\/256\/2019\/11\/if-i-could-be-a-young-mom-again-1040x326-1024x321-1.jpg\",\"datePublished\":\"2019-11-11T09:50:56+00:00\",\"dateModified\":\"2020-04-17T15:28:46+00:00\",\"breadcrumb\":{\"@id\":\"https:\/\/www.vidaenfamilia.org\/ser-padres\/2019\/11\/11\/si-pudiera-ser-una-mama-joven-nuevamente\/#breadcrumb\"},\"inLanguage\":\"es\",\"potentialAction\":[{\"@type\":\"ReadAction\",\"target\":[\"https:\/\/www.vidaenfamilia.org\/ser-padres\/2019\/11\/11\/si-pudiera-ser-una-mama-joven-nuevamente\/\"]}]},{\"@type\":\"ImageObject\",\"inLanguage\":\"es\",\"@id\":\"https:\/\/www.vidaenfamilia.org\/ser-padres\/2019\/11\/11\/si-pudiera-ser-una-mama-joven-nuevamente\/#primaryimage\",\"url\":\"https:\/\/www.vidaenfamilia.org\/ser-padres\/wp-content\/uploads\/sites\/256\/2019\/11\/if-i-could-be-a-young-mom-again-1040x326-1024x321-1.jpg\",\"contentUrl\":\"https:\/\/www.vidaenfamilia.org\/ser-padres\/wp-content\/uploads\/sites\/256\/2019\/11\/if-i-could-be-a-young-mom-again-1040x326-1024x321-1.jpg\",\"width\":1024,\"height\":321},{\"@type\":\"BreadcrumbList\",\"@id\":\"https:\/\/www.vidaenfamilia.org\/ser-padres\/2019\/11\/11\/si-pudiera-ser-una-mama-joven-nuevamente\/#breadcrumb\",\"itemListElement\":[{\"@type\":\"ListItem\",\"position\":1,\"name\":\"Home\",\"item\":\"https:\/\/www.vidaenfamilia.org\/ser-padres\/\"},{\"@type\":\"ListItem\",\"position\":2,\"name\":\"Si pudiera ser una mam\u00e1 joven nuevamente\"}]},{\"@type\":\"WebSite\",\"@id\":\"https:\/\/www.vidaenfamilia.org\/ser-padres\/#website\",\"url\":\"https:\/\/www.vidaenfamilia.org\/ser-padres\/\",\"name\":\"El Arte de Ser Padres\",\"description\":\"Just another FamilyLife Sites site\",\"publisher\":{\"@id\":\"https:\/\/www.vidaenfamilia.org\/ser-padres\/#organization\"},\"potentialAction\":[{\"@type\":\"SearchAction\",\"target\":{\"@type\":\"EntryPoint\",\"urlTemplate\":\"https:\/\/www.vidaenfamilia.org\/ser-padres\/?s={search_term_string}\"},\"query-input\":{\"@type\":\"PropertyValueSpecification\",\"valueRequired\":true,\"valueName\":\"search_term_string\"}}],\"inLanguage\":\"es\"},{\"@type\":\"Organization\",\"@id\":\"https:\/\/www.vidaenfamilia.org\/ser-padres\/#organization\",\"name\":\"Vida en Familia\",\"url\":\"https:\/\/www.vidaenfamilia.org\/ser-padres\/\",\"logo\":{\"@type\":\"ImageObject\",\"inLanguage\":\"es\",\"@id\":\"https:\/\/www.vidaenfamilia.org\/ser-padres\/#\/schema\/logo\/image\/\",\"url\":\"https:\/\/www.vidaenfamilia.org\/ser-padres\/wp-content\/uploads\/sites\/256\/2019\/09\/AOP_Logo.png\",\"contentUrl\":\"https:\/\/www.vidaenfamilia.org\/ser-padres\/wp-content\/uploads\/sites\/256\/2019\/09\/AOP_Logo.png\",\"width\":2096,\"height\":606,\"caption\":\"Vida en Familia\"},\"image\":{\"@id\":\"https:\/\/www.vidaenfamilia.org\/ser-padres\/#\/schema\/logo\/image\/\"},\"sameAs\":[\"https:\/\/www.facebook.com\/FamilyLifeEspanol\/\",\"https:\/\/www.youtube.com\/channel\/UCbSaVUomQ-OO21t-OieGOMQ\"]},{\"@type\":\"Person\",\"@id\":\"https:\/\/www.vidaenfamilia.org\/ser-padres\/#\/schema\/person\/df206a98a88222dac02c2729d28f5292\",\"name\":\"jec1744@gmail.com\",\"image\":{\"@type\":\"ImageObject\",\"inLanguage\":\"es\",\"@id\":\"https:\/\/www.vidaenfamilia.org\/ser-padres\/#\/schema\/person\/image\/\",\"url\":\"https:\/\/secure.gravatar.com\/avatar\/354accaa5141cea8b651a9cf4e1d9a8fc277face97e73455c96fa3025f48aa99?s=96&d=mm&r=g\",\"contentUrl\":\"https:\/\/secure.gravatar.com\/avatar\/354accaa5141cea8b651a9cf4e1d9a8fc277face97e73455c96fa3025f48aa99?s=96&d=mm&r=g\",\"caption\":\"jec1744@gmail.com\"},\"url\":\"https:\/\/www.vidaenfamilia.org\/ser-padres\/author\/jec1744gmail-com\/\"}]}<\/script>\n<!-- \/ Yoast SEO Premium plugin. -->","yoast_head_json":{"title":"Si pudiera ser una mam\u00e1 joven nuevamente - El Arte de Ser Padres","robots":{"index":"noindex","follow":"follow"},"og_locale":"es_ES","og_type":"article","og_title":"Si pudiera ser una mam\u00e1 joven nuevamente","og_description":"Algunas abuelas comparten lo que cambiar\u00edan si fueran mam\u00e1s j\u00f3venes de nuevo.","og_url":"https:\/\/www.vidaenfamilia.org\/ser-padres\/2019\/11\/11\/si-pudiera-ser-una-mama-joven-nuevamente\/","og_site_name":"El Arte de Ser Padres","article_publisher":"https:\/\/www.facebook.com\/FamilyLifeEspanol\/","article_published_time":"2019-11-11T09:50:56+00:00","article_modified_time":"2020-04-17T15:28:46+00:00","og_image":[{"width":1024,"height":321,"url":"https:\/\/www.vidaenfamilia.org\/ser-padres\/wp-content\/uploads\/sites\/256\/2019\/11\/if-i-could-be-a-young-mom-again-1040x326-1024x321-1.jpg","type":"image\/jpeg"}],"author":"jec1744@gmail.com","twitter_card":"summary_large_image","twitter_misc":{"Escrito por":"jec1744@gmail.com","Tiempo de lectura":"6 minutos"},"schema":{"@context":"https:\/\/schema.org","@graph":[{"@type":"Article","@id":"https:\/\/www.vidaenfamilia.org\/ser-padres\/2019\/11\/11\/si-pudiera-ser-una-mama-joven-nuevamente\/#article","isPartOf":{"@id":"https:\/\/www.vidaenfamilia.org\/ser-padres\/2019\/11\/11\/si-pudiera-ser-una-mama-joven-nuevamente\/"},"author":{"name":"jec1744@gmail.com","@id":"https:\/\/www.vidaenfamilia.org\/ser-padres\/#\/schema\/person\/df206a98a88222dac02c2729d28f5292"},"headline":"Si pudiera ser una mam\u00e1 joven nuevamente","datePublished":"2019-11-11T09:50:56+00:00","dateModified":"2020-04-17T15:28:46+00:00","mainEntityOfPage":{"@id":"https:\/\/www.vidaenfamilia.org\/ser-padres\/2019\/11\/11\/si-pudiera-ser-una-mama-joven-nuevamente\/"},"wordCount":1149,"commentCount":0,"publisher":{"@id":"https:\/\/www.vidaenfamilia.org\/ser-padres\/#organization"},"image":{"@id":"https:\/\/www.vidaenfamilia.org\/ser-padres\/2019\/11\/11\/si-pudiera-ser-una-mama-joven-nuevamente\/#primaryimage"},"thumbnailUrl":"https:\/\/www.vidaenfamilia.org\/ser-padres\/wp-content\/uploads\/sites\/256\/2019\/11\/if-i-could-be-a-young-mom-again-1040x326-1024x321-1.jpg","articleSection":["Madres"],"inLanguage":"es","potentialAction":[{"@type":"CommentAction","name":"Comment","target":["https:\/\/www.vidaenfamilia.org\/ser-padres\/2019\/11\/11\/si-pudiera-ser-una-mama-joven-nuevamente\/#respond"]}]},{"@type":"WebPage","@id":"https:\/\/www.vidaenfamilia.org\/ser-padres\/2019\/11\/11\/si-pudiera-ser-una-mama-joven-nuevamente\/","url":"https:\/\/www.vidaenfamilia.org\/ser-padres\/2019\/11\/11\/si-pudiera-ser-una-mama-joven-nuevamente\/","name":"Si pudiera ser una mam\u00e1 joven nuevamente - El Arte de Ser Padres","isPartOf":{"@id":"https:\/\/www.vidaenfamilia.org\/ser-padres\/#website"},"primaryImageOfPage":{"@id":"https:\/\/www.vidaenfamilia.org\/ser-padres\/2019\/11\/11\/si-pudiera-ser-una-mama-joven-nuevamente\/#primaryimage"},"image":{"@id":"https:\/\/www.vidaenfamilia.org\/ser-padres\/2019\/11\/11\/si-pudiera-ser-una-mama-joven-nuevamente\/#primaryimage"},"thumbnailUrl":"https:\/\/www.vidaenfamilia.org\/ser-padres\/wp-content\/uploads\/sites\/256\/2019\/11\/if-i-could-be-a-young-mom-again-1040x326-1024x321-1.jpg","datePublished":"2019-11-11T09:50:56+00:00","dateModified":"2020-04-17T15:28:46+00:00","breadcrumb":{"@id":"https:\/\/www.vidaenfamilia.org\/ser-padres\/2019\/11\/11\/si-pudiera-ser-una-mama-joven-nuevamente\/#breadcrumb"},"inLanguage":"es","potentialAction":[{"@type":"ReadAction","target":["https:\/\/www.vidaenfamilia.org\/ser-padres\/2019\/11\/11\/si-pudiera-ser-una-mama-joven-nuevamente\/"]}]},{"@type":"ImageObject","inLanguage":"es","@id":"https:\/\/www.vidaenfamilia.org\/ser-padres\/2019\/11\/11\/si-pudiera-ser-una-mama-joven-nuevamente\/#primaryimage","url":"https:\/\/www.vidaenfamilia.org\/ser-padres\/wp-content\/uploads\/sites\/256\/2019\/11\/if-i-could-be-a-young-mom-again-1040x326-1024x321-1.jpg","contentUrl":"https:\/\/www.vidaenfamilia.org\/ser-padres\/wp-content\/uploads\/sites\/256\/2019\/11\/if-i-could-be-a-young-mom-again-1040x326-1024x321-1.jpg","width":1024,"height":321},{"@type":"BreadcrumbList","@id":"https:\/\/www.vidaenfamilia.org\/ser-padres\/2019\/11\/11\/si-pudiera-ser-una-mama-joven-nuevamente\/#breadcrumb","itemListElement":[{"@type":"ListItem","position":1,"name":"Home","item":"https:\/\/www.vidaenfamilia.org\/ser-padres\/"},{"@type":"ListItem","position":2,"name":"Si pudiera ser una mam\u00e1 joven nuevamente"}]},{"@type":"WebSite","@id":"https:\/\/www.vidaenfamilia.org\/ser-padres\/#website","url":"https:\/\/www.vidaenfamilia.org\/ser-padres\/","name":"El Arte de Ser Padres","description":"Just another FamilyLife Sites site","publisher":{"@id":"https:\/\/www.vidaenfamilia.org\/ser-padres\/#organization"},"potentialAction":[{"@type":"SearchAction","target":{"@type":"EntryPoint","urlTemplate":"https:\/\/www.vidaenfamilia.org\/ser-padres\/?s={search_term_string}"},"query-input":{"@type":"PropertyValueSpecification","valueRequired":true,"valueName":"search_term_string"}}],"inLanguage":"es"},{"@type":"Organization","@id":"https:\/\/www.vidaenfamilia.org\/ser-padres\/#organization","name":"Vida en Familia","url":"https:\/\/www.vidaenfamilia.org\/ser-padres\/","logo":{"@type":"ImageObject","inLanguage":"es","@id":"https:\/\/www.vidaenfamilia.org\/ser-padres\/#\/schema\/logo\/image\/","url":"https:\/\/www.vidaenfamilia.org\/ser-padres\/wp-content\/uploads\/sites\/256\/2019\/09\/AOP_Logo.png","contentUrl":"https:\/\/www.vidaenfamilia.org\/ser-padres\/wp-content\/uploads\/sites\/256\/2019\/09\/AOP_Logo.png","width":2096,"height":606,"caption":"Vida en Familia"},"image":{"@id":"https:\/\/www.vidaenfamilia.org\/ser-padres\/#\/schema\/logo\/image\/"},"sameAs":["https:\/\/www.facebook.com\/FamilyLifeEspanol\/","https:\/\/www.youtube.com\/channel\/UCbSaVUomQ-OO21t-OieGOMQ"]},{"@type":"Person","@id":"https:\/\/www.vidaenfamilia.org\/ser-padres\/#\/schema\/person\/df206a98a88222dac02c2729d28f5292","name":"jec1744@gmail.com","image":{"@type":"ImageObject","inLanguage":"es","@id":"https:\/\/www.vidaenfamilia.org\/ser-padres\/#\/schema\/person\/image\/","url":"https:\/\/secure.gravatar.com\/avatar\/354accaa5141cea8b651a9cf4e1d9a8fc277face97e73455c96fa3025f48aa99?s=96&d=mm&r=g","contentUrl":"https:\/\/secure.gravatar.com\/avatar\/354accaa5141cea8b651a9cf4e1d9a8fc277face97e73455c96fa3025f48aa99?s=96&d=mm&r=g","caption":"jec1744@gmail.com"},"url":"https:\/\/www.vidaenfamilia.org\/ser-padres\/author\/jec1744gmail-com\/"}]}},"jetpack_featured_media_url":"https:\/\/www.vidaenfamilia.org\/ser-padres\/wp-content\/uploads\/sites\/256\/2019\/11\/if-i-could-be-a-young-mom-again-1040x326-1024x321-1.jpg","meta_box":{"_cloudsearch_visibility":""},"_links":{"self":[{"href":"https:\/\/www.vidaenfamilia.org\/ser-padres\/wp-json\/wp\/v2\/posts\/10860","targetHints":{"allow":["GET"]}}],"collection":[{"href":"https:\/\/www.vidaenfamilia.org\/ser-padres\/wp-json\/wp\/v2\/posts"}],"about":[{"href":"https:\/\/www.vidaenfamilia.org\/ser-padres\/wp-json\/wp\/v2\/types\/post"}],"author":[{"embeddable":true,"href":"https:\/\/www.vidaenfamilia.org\/ser-padres\/wp-json\/wp\/v2\/users\/26565"}],"replies":[{"embeddable":true,"href":"https:\/\/www.vidaenfamilia.org\/ser-padres\/wp-json\/wp\/v2\/comments?post=10860"}],"version-history":[{"count":2,"href":"https:\/\/www.vidaenfamilia.org\/ser-padres\/wp-json\/wp\/v2\/posts\/10860\/revisions"}],"predecessor-version":[{"id":12771,"href":"https:\/\/www.vidaenfamilia.org\/ser-padres\/wp-json\/wp\/v2\/posts\/10860\/revisions\/12771"}],"wp:featuredmedia":[{"embeddable":true,"href":"https:\/\/www.vidaenfamilia.org\/ser-padres\/wp-json\/wp\/v2\/media\/10861"}],"wp:attachment":[{"href":"https:\/\/www.vidaenfamilia.org\/ser-padres\/wp-json\/wp\/v2\/media?parent=10860"}],"wp:term":[{"taxonomy":"category","embeddable":true,"href":"https:\/\/www.vidaenfamilia.org\/ser-padres\/wp-json\/wp\/v2\/categories?post=10860"},{"taxonomy":"post_tag","embeddable":true,"href":"https:\/\/www.vidaenfamilia.org\/ser-padres\/wp-json\/wp\/v2\/tags?post=10860"}],"curies":[{"name":"wp","href":"https:\/\/api.w.org\/{rel}","templated":true}]}}